{"id":8557,"date":"2026-09-02T13:17:12","date_gmt":"2026-09-02T11:17:12","guid":{"rendered":"https:\/\/ambsarajevo.esteri.it\/?p=8557"},"modified":"2026-09-02T14:08:36","modified_gmt":"2026-09-02T12:08:36","slug":"bosnia-erzegovina-italia-protagonista-alla-fiera-zeps-di-zenica","status":"publish","type":"post","link":"https:\/\/ambsarajevo.esteri.it\/it\/news\/dall_ambasciata\/2026\/09\/bosnia-erzegovina-italia-protagonista-alla-fiera-zeps-di-zenica\/","title":{"rendered":"BOSNIA ERZEGOVINA: ITALIA PROTAGONISTA ALLA FIERA ZEPS DI ZENICA"},"content":{"rendered":"<p class=\"null\" style=\"margin: 0cm; margin-bottom: .0001pt; text-align: justify; line-height: 105%;\"><span class=\"null1\">Si \u00e8 svolta oggi a Zenica la cerimonia di apertura della 32\u00b0 edizione della Fiera Internazionale \u201cZEPS 2026\u201d. La fiera, che durer\u00e0 sino al 5 settembre, \u00e8 considerata uno dei principali eventi fieristici a livello regionale e internazionale. All\u2019inaugurazione erano presenti, fra gli altri, il Presidente di turno della Bosnia Erzegovina Denis Be\u0107irovi\u0107 e il Primo Ministro della Federazione di Bosnia Erzegovina Nermin Nik\u0161i\u0107.<\/span><\/p>\n<p>&nbsp;<\/p>\n<p class=\"null\" style=\"margin: 0cm; margin-bottom: .0001pt; text-align: justify; line-height: 105%;\"><span class=\"null1\">Come gi\u00e0 in occasione della Fiera Internazionale di Mostar dello scorso aprile, l\u2019Italia \u00e8 fra i principali protagonisti di ZEPS 2026: con una rafforzata presenza di aziende italiane espositrici ed uno stand di 100 m\u00b2 organizzato dall\u2019Associazione delle Imprese italiane in Bosnia ed Erzegovina con il patrocinio dell\u2019Ambasciata d\u2019Italia a Sarajevo, la Fiera ha confermato la solidit\u00e0 delle relazioni economiche tra l\u2019Italia e la BiH nonch\u00e9 l\u2019interesse crescente verso lo sviluppo imprenditoriale e industriale della regione di Zenica-Doboj. Un interesse di lungo periodo, che gi\u00e0 lo scorso anno aveva portato l\u2019Ambasciatrice Castellani a incontrare i rappresentanti di ZEDA, l\u2019Agenzia di sviluppo di Zenica e partner della Fiera ZEPS, come pure ad organizzare in citt\u00e0 una delle tappe della \u201cSettimana della Cucina italiana\u201d.<\/span><\/p>\n<p>&nbsp;<\/p>\n<p class=\"null\" style=\"margin: 0cm; margin-bottom: .0001pt; text-align: justify; line-height: 105%;\"><span class=\"null1\">\u201cL\u2019Italia \u00e8 il primo fornitore della BiH ed il suo secondo partner commerciale, con un interscambio del valore totale di 1,7 miliardi di euro nei primi sette mesi di quest\u2019anno. Inoltre, sono circa 13.000 i lavoratori impiegati da aziende italiane in Bosnia ed Erzegovina\u201d \u2013 ha dichiarato nel suo intervento l\u2019Amb. Castellani. \u201cLe nostre relazioni economiche si distinguono per solidit\u00e0, profondit\u00e0 e un grande potenziale di sviluppo. E Zenica ne \u00e8 l\u2019espressione pi\u00f9 significativa\u201d.<\/span><\/p>\n<p>&nbsp;<\/p>\n<p class=\"null\" style=\"margin: 0cm; margin-bottom: .0001pt; text-align: justify; line-height: 105%;\"><span class=\"null1\">Il polo industriale di Zenica vede la presenza di aziende italiane ed ha nel tempo stabilito proficue relazioni con il nostro Paese. Si tratta di ulteriori conferme \u2013 nelle parole dell\u2019Amb. Castellani \u2013 \u00a0\u201cdello stretto legame che unisce l\u2019Italia alla Bosnia ed Erzegovina, basato sulla fiducia, su valori condivisi e sul comune impegno verso la crescita economica e lo sviluppo sostenibile, anche in prospettiva del percorso di integrazione europea del Paese\u201d.<\/span><\/p>\n","protected":false},"excerpt":{"rendered":"Si \u00e8 svolta oggi a Zenica la cerimonia di apertura della 32\u00b0 edizione della Fiera Internazionale \u201cZEPS 2026\u201d. La fiera, che durer\u00e0 sino al 5 settembre, \u00e8 considerata uno dei principali eventi fieristici a livello regionale e internazionale. All\u2019inaugurazione erano presenti, fra gli altri, il Presidente di turno della Bosnia Erzegovina Denis Be\u0107irovi\u0107 e il [&hellip;]","protected":false},"author":5,"featured_media":8570,"comment_status":"closed","ping_status":"closed","sticky":false,"template":"","format":"standard","meta":{"footnotes":""},"tags":[],"class_list":["post-8557","post","type-post","status-publish","format-standard","has-post-thumbnail","hentry"],"_links":{"self":[{"href":"https:\/\/ambsarajevo.esteri.it\/it\/wp-json\/wp\/v2\/posts\/8557","targetHints":{"allow":["GET"]}}],"collection":[{"href":"https:\/\/ambsarajevo.esteri.it\/it\/wp-json\/wp\/v2\/posts"}],"about":[{"href":"https:\/\/ambsarajevo.esteri.it\/it\/wp-json\/wp\/v2\/types\/post"}],"author":[{"embeddable":true,"href":"https:\/\/ambsarajevo.esteri.it\/it\/wp-json\/wp\/v2\/users\/5"}],"replies":[{"embeddable":true,"href":"https:\/\/ambsarajevo.esteri.it\/it\/wp-json\/wp\/v2\/comments?post=8557"}],"version-history":[{"count":2,"href":"https:\/\/ambsarajevo.esteri.it\/it\/wp-json\/wp\/v2\/posts\/8557\/revisions"}],"predecessor-version":[{"id":8576,"href":"https:\/\/ambsarajevo.esteri.it\/it\/wp-json\/wp\/v2\/posts\/8557\/revisions\/8576"}],"wp:featuredmedia":[{"embeddable":true,"href":"https:\/\/ambsarajevo.esteri.it\/it\/wp-json\/wp\/v2\/media\/8570"}],"wp:attachment":[{"href":"https:\/\/ambsarajevo.esteri.it\/it\/wp-json\/wp\/v2\/media?parent=8557"}],"wp:term":[{"taxonomy":"post_tag","embeddable":true,"href":"https:\/\/ambsarajevo.esteri.it\/it\/wp-json\/wp\/v2\/tags?post=8557"}],"curies":[{"name":"wp","href":"https:\/\/api.w.org\/{rel}","templated":true}]}}