{"id":8514,"date":"2026-09-01T16:25:28","date_gmt":"2026-09-01T14:25:28","guid":{"rendered":"https:\/\/ambsarajevo.esteri.it\/?p=8514"},"modified":"2026-09-01T17:45:27","modified_gmt":"2026-09-01T15:45:27","slug":"eufor-bosnia-erzegovina-commemorazione-dellequipaggio-del-volo-g222","status":"publish","type":"post","link":"https:\/\/ambsarajevo.esteri.it\/it\/news\/dall_ambasciata\/2026\/09\/eufor-bosnia-erzegovina-commemorazione-dellequipaggio-del-volo-g222\/","title":{"rendered":"EUFOR: BOSNIA-ERZEGOVINA, COMMEMORAZIONE DELL\u2019EQUIPAGGIO DEL VOLO G222"},"content":{"rendered":"<p><strong>Sul Monte Zec, nei pressi di Fojnica, la cerimonia annuale in ricordo dei quattro militari italiani caduti durante una missione umanitaria nel corso del conflitto<\/strong><\/p>\n<p>Sarajevo, 01 settembre 2026 \u2013 Nel luogo in cui 34 anni fa si consum\u00f2 la tragedia, il Monte Zec nei pressi della municipalit\u00e0 di Fojnica, Cantone di Sarajevo, si \u00e8 rinnovato il ricordo dei quattro militari italiani dell\u2019equipaggio del volo G222 \u201cLyra 34\u201d, abbattuto il 3 settembre 1992 durante il conflitto in Bosnia-Erzegovina.<\/p>\n<p>Il velivolo, impegnato nel trasporto di alcuni aiuti umanitari nell\u2019ambito delle operazioni delle Nazioni Unite a sostegno della popolazione civile all&#8217;epoca stretta nell&#8217;assedio della citt\u00e0, si trovava a pochi minuti dall\u2019atterraggio quando fu colpito da due missili terra-aria. L\u2019aereo esplose in volo e si schiant\u00f2 sulla sommit\u00e0 del Monte Zec.<\/p>\n<p>Nell\u2019abbattimento persero la vita il Maggiore Pilota Marco Betti, il Tenente Pilota Marco Rigliaco, il Maresciallo Motorista Giuseppe Buttaglieri e il Maresciallo Elettromeccanico Giuliano Velardi, tutti insigniti della Medaglia d\u2019Oro al Valor Militare.<\/p>\n<p>La commemorazione, organizzata sul luogo della tragedia, ha rappresentato un momento di raccoglimento e di memoria per ricordare il sacrificio dei quattro militari italiani, caduti nell\u2019adempimento del proprio dovere mentre contribuivano, nell\u2019ambito di una missione internazionale, all\u2019assistenza della popolazione civile colpita dal conflitto.<\/p>\n<p>Alla cerimonia hanno partecipato l&#8217;Ambasciatrice d\u2019Italia in Bosnia-Erzegovina, S.E. Sarah Castellani, il Comandante di EUFOR &#8220;ALTHEA&#8221;, Generale di Divisione Maurizio Fronda, il Comandante della 46\u00aa Brigata Aerea, Generale di Brigata Aerea Luca Mazzini, l\u2019Addetto per la Difesa presso l\u2019Ambasciata d\u2019Italia a Belgrado, Colonnello Aurelio Costa, e rappresentanti delle Forze Armate e delle istituzioni locali.<\/p>\n<p>La deposizione della corona presso il monumento dedicato ai Caduti di Sarajevo ha rinnovato il legame tra la comunit\u00e0 locale e l\u2019Italia, nel segno di una memoria che continua a unire quanti, a distanza di 34 anni, ne custodiscono il ricordo.<\/p>\n<p>Nel corso della cerimonia, l\u2019Ambasciatrice con il suo intervento ha rinnovato il cordoglio dell\u2019Italia per il sacrificio dei quattro militari e sottolineato il valore della presenza italiana in Bosnia-Erzegovina: \u00ab<em>Il ricordo di chi ha perso la vita nell\u2019adempimento del proprio dovere rimane vivo e rappresenta un richiamo alla responsabilit\u00e0 che l\u2019Italia continua ad assumere, a sostegno della pace della stabilit\u00e0 e della sicurezza in Bosnia-Erzegovina<\/em>.\u00bb<\/p>\n<p>&nbsp;<\/p>\n<p>&nbsp;<\/p>\n","protected":false},"excerpt":{"rendered":"Sul Monte Zec, nei pressi di Fojnica, la cerimonia annuale in ricordo dei quattro militari italiani caduti durante una missione umanitaria nel corso del conflitto Sarajevo, 01 settembre 2026 \u2013 Nel luogo in cui 34 anni fa si consum\u00f2 la tragedia, il Monte Zec nei pressi della municipalit\u00e0 di Fojnica, Cantone di Sarajevo, si \u00e8 [&hellip;]","protected":false},"author":5,"featured_media":8521,"comment_status":"closed","ping_status":"closed","sticky":false,"template":"","format":"standard","meta":{"footnotes":""},"tags":[],"class_list":["post-8514","post","type-post","status-publish","format-standard","has-post-thumbnail","hentry"],"_links":{"self":[{"href":"https:\/\/ambsarajevo.esteri.it\/it\/wp-json\/wp\/v2\/posts\/8514","targetHints":{"allow":["GET"]}}],"collection":[{"href":"https:\/\/ambsarajevo.esteri.it\/it\/wp-json\/wp\/v2\/posts"}],"about":[{"href":"https:\/\/ambsarajevo.esteri.it\/it\/wp-json\/wp\/v2\/types\/post"}],"author":[{"embeddable":true,"href":"https:\/\/ambsarajevo.esteri.it\/it\/wp-json\/wp\/v2\/users\/5"}],"replies":[{"embeddable":true,"href":"https:\/\/ambsarajevo.esteri.it\/it\/wp-json\/wp\/v2\/comments?post=8514"}],"version-history":[{"count":1,"href":"https:\/\/ambsarajevo.esteri.it\/it\/wp-json\/wp\/v2\/posts\/8514\/revisions"}],"predecessor-version":[{"id":8530,"href":"https:\/\/ambsarajevo.esteri.it\/it\/wp-json\/wp\/v2\/posts\/8514\/revisions\/8530"}],"wp:featuredmedia":[{"embeddable":true,"href":"https:\/\/ambsarajevo.esteri.it\/it\/wp-json\/wp\/v2\/media\/8521"}],"wp:attachment":[{"href":"https:\/\/ambsarajevo.esteri.it\/it\/wp-json\/wp\/v2\/media?parent=8514"}],"wp:term":[{"taxonomy":"post_tag","embeddable":true,"href":"https:\/\/ambsarajevo.esteri.it\/it\/wp-json\/wp\/v2\/tags?post=8514"}],"curies":[{"name":"wp","href":"https:\/\/api.w.org\/{rel}","templated":true}]}}