{"id":7174,"date":"2026-01-06T11:25:56","date_gmt":"2026-01-06T09:25:56","guid":{"rendered":"https:\/\/ambsarajevo.esteri.it\/?p=7174"},"modified":"2026-01-08T15:22:30","modified_gmt":"2026-01-08T13:22:30","slug":"bosnia-erzegovina-pubblicato-il-bando-per-la-costruzione-a-sarajevo-del-museo-di-arte-contemporanea-ars-aevi-da-sempre-a-forte-impronta-italiana","status":"publish","type":"post","link":"https:\/\/ambsarajevo.esteri.it\/it\/news\/dall_ambasciata\/2026\/01\/bosnia-erzegovina-pubblicato-il-bando-per-la-costruzione-a-sarajevo-del-museo-di-arte-contemporanea-ars-aevi-da-sempre-a-forte-impronta-italiana\/","title":{"rendered":"Bosnia Erzegovina. Pubblicato il bando per la costruzione a Sarajevo del Museo di arte contemporanea \u201cArs Aevi\u201d, da sempre a forte impronta italiana"},"content":{"rendered":"<p>Lo scorso 22 dicembre, UNESCO ha pubblicato il bando per la costruzione della futura sede del Museo di arte contemporanea \u201cArs Aevi\u201d di Sarajevo. Le imprese interessate possono presentare la propria candidatura entro le ore 12 (fuso orario dell\u2019Europa centrale) del 16 febbraio 2026.<\/p>\n<p>&nbsp;<\/p>\n<p>L\u2019Italia ha svolto un ruolo di primo piano sin dall\u2019inizio del progetto \u201cArs Aevi\u201d, nato nel 1992 durante l\u2019assedio di Sarajevo. Le prime gallerie a donare opere di artisti di fama internazionale sono state infatti italiane; anche grazie al loro impegno, durante gli anni del conflitto fu possibile raccogliere pi\u00f9 di 150 opere di artisti di fama internazionale come Marina Abramovi\u0107, Michelangelo Pistoletto, Jannis Kounellis e Joseph Beuys. Da allora per\u00f2 la collezione \u201cArs Aevi\u201d non ha ancora trovato una casa: solo una parte della collezione \u00e8 attualmente esposta nel Palazzo Comunale di Sarajevo, esso stesso simbolo della guerra degli Anni Novanta.<\/p>\n<p>&nbsp;<\/p>\n<p>Nel corso degli anni, l\u2019Italia ha continuato a sostenere questo progetto di altissimo valore artistico e di riconciliazione inter-etnica. L\u2019edificio del futuro Museo \u00e8 stato progettato dall\u2019architetto Renzo Piano e donato gratuitamente alla Citt\u00e0 di Sarajevo. Nel 2021, a seguito della firma di un accordo tra la Citt\u00e0 e il Cantone di Sarajevo, l\u2019Italia ha sostenuto la stesura di un progetto esecutivo, realizzato in piena intesa con il Renzo Piano Building Workshop. La costruzione della sede del Museo verr\u00e0 ora co-finanziata dall\u2019Agenzia Italiana per la Cooperazione allo Sviluppo (AICS), l\u2019Unione Europea e le autorit\u00e0 locali di Sarajevo.<\/p>\n<p>&nbsp;<\/p>\n<p>La collocazione del costituendo Museo si situa sulle rive della Miljacka, il fiume cittadino, davanti al ponte progettato dallo stesso arch. Piano in prossimit\u00e0 della Galleria Nazionale. L\u2019area \u00e8 destinata cos\u00ec a diventare un polo di attrazione per visitatori da tutto il mondo e di aggregazione cittadina, favorendo la rigenerazione economica, turistica e simbolica di Sarajevo, a trent\u2019anni dalla fine della guerra.<\/p>\n<p>&nbsp;<\/p>\n<p>Il testo del bando pu\u00f2 essere consultato sul sito istituzionale di <a href=\"https:\/\/www.ungm.org\/Public\/Notice\/287712\">United Nations Global Marketplace<\/a>.<\/p>\n<p>&nbsp;<\/p>\n","protected":false},"excerpt":{"rendered":"Lo scorso 22 dicembre, UNESCO ha pubblicato il bando per la costruzione della futura sede del Museo di arte contemporanea \u201cArs Aevi\u201d di Sarajevo. Le imprese interessate possono presentare la propria candidatura entro le ore 12 (fuso orario dell\u2019Europa centrale) del 16 febbraio 2026. &nbsp; L\u2019Italia ha svolto un ruolo di primo piano sin dall\u2019inizio [&hellip;]","protected":false},"author":5,"featured_media":7188,"comment_status":"closed","ping_status":"closed","sticky":false,"template":"","format":"standard","meta":{"footnotes":""},"tags":[5,7],"class_list":["post-7174","post","type-post","status-publish","format-standard","has-post-thumbnail","hentry","tag-cooperazione-allo-sviluppo","tag-diplomazia-culturale"],"_links":{"self":[{"href":"https:\/\/ambsarajevo.esteri.it\/it\/wp-json\/wp\/v2\/posts\/7174","targetHints":{"allow":["GET"]}}],"collection":[{"href":"https:\/\/ambsarajevo.esteri.it\/it\/wp-json\/wp\/v2\/posts"}],"about":[{"href":"https:\/\/ambsarajevo.esteri.it\/it\/wp-json\/wp\/v2\/types\/post"}],"author":[{"embeddable":true,"href":"https:\/\/ambsarajevo.esteri.it\/it\/wp-json\/wp\/v2\/users\/5"}],"replies":[{"embeddable":true,"href":"https:\/\/ambsarajevo.esteri.it\/it\/wp-json\/wp\/v2\/comments?post=7174"}],"version-history":[{"count":2,"href":"https:\/\/ambsarajevo.esteri.it\/it\/wp-json\/wp\/v2\/posts\/7174\/revisions"}],"predecessor-version":[{"id":7186,"href":"https:\/\/ambsarajevo.esteri.it\/it\/wp-json\/wp\/v2\/posts\/7174\/revisions\/7186"}],"wp:featuredmedia":[{"embeddable":true,"href":"https:\/\/ambsarajevo.esteri.it\/it\/wp-json\/wp\/v2\/media\/7188"}],"wp:attachment":[{"href":"https:\/\/ambsarajevo.esteri.it\/it\/wp-json\/wp\/v2\/media?parent=7174"}],"wp:term":[{"taxonomy":"post_tag","embeddable":true,"href":"https:\/\/ambsarajevo.esteri.it\/it\/wp-json\/wp\/v2\/tags?post=7174"}],"curies":[{"name":"wp","href":"https:\/\/api.w.org\/{rel}","templated":true}]}}