{"id":6371,"date":"2025-07-29T15:46:37","date_gmt":"2025-07-29T13:46:37","guid":{"rendered":"https:\/\/ambsarajevo.esteri.it\/?p=6371"},"modified":"2025-07-29T17:37:12","modified_gmt":"2025-07-29T15:37:12","slug":"partecipazione-all11a-edizione-del-festival-letterario-internazionale-pero-zivodraga-zivkovica","status":"publish","type":"post","link":"https:\/\/ambsarajevo.esteri.it\/it\/news\/dall_ambasciata\/2025\/07\/partecipazione-all11a-edizione-del-festival-letterario-internazionale-pero-zivodraga-zivkovica\/","title":{"rendered":"Partecipazione all&#8217;11\u00aa edizione del festival letterario internazionale &#8220;Pero \u017divodraga \u017divkovi\u0107a&#8221;"},"content":{"rendered":"<p style=\"text-align: justify;\">Il 25 e 26 settembre 2025, a Zenica, si svolger\u00e0 l\u201911\u00aa edizione del Festival Letterario Internazionale &#8220;Pero \u017divodraga \u017divkovi\u0107a&#8221;, sotto il patrocinio della nostra Ambasciata e di WikiPoesia. Vi invitiamo a partecipare al Festival presentando:<\/p>\n<p style=\"text-align: justify;\">&#8211; due poesie di massimo 30 versi (in formato Word, font Times New Roman, dimensione 14);<br \/>\n&#8211; una fotografia dell\u2019autore;<\/p>\n<p style=\"text-align: justify;\">&#8211; una breve biografia (titolo del libro, nome della casa editrice e anno di pubblicazione);<\/p>\n<p style=\"text-align: justify;\">&#8211; i dati di contatto;<\/p>\n<p style=\"text-align: justify;\">&#8211; la ricevuta di pagamento della quota di partecipazione di 25 euro che deve essere versata sul conto bancario:<\/p>\n<p style=\"text-align: justify;\">Sparkasse Bank<\/p>\n<p style=\"text-align: justify;\">Emir Sokolovi\u0107 (causale: &#8220;per il Festival&#8221;)<\/p>\n<p style=\"text-align: justify;\">IBAN: BA391995136057900657<\/p>\n<p style=\"text-align: justify;\">SWIFT CODE: ABSBBA22<\/p>\n<p style=\"text-align: justify;\">La somma serve a coprire i costi di traduzione, che sar\u00e0 effettuata da un unico traduttore per garantire a tutti gli autori la stessa qualit\u00e0 di resa linguistica.<\/p>\n<p style=\"text-align: justify;\">Tutti i materiali devono essere inviati via e-mail all\u2019indirizzo <a href=\"mailto:sokolovice@gmail.com\">sokolovice@gmail.com<\/a>, entro e non oltre le ore 24:00 dell\u20198 settembre 2025, con oggetto: Partecipazione al Festival Letterario Internazionale \u201cPero \u017divodraga \u017divkovi\u0107a\u201d \u2013 11\u00aa edizione.<\/p>\n<p style=\"text-align: justify;\">Le opere ricevute saranno pubblicate in un&#8217;antologia bilingue, che verr\u00e0 stampata prima dell&#8217;edizione del Festival con l\u2019obiettivo di mostrare cosa rappresenti oggi realmente la poesia. Ogni autore ricever\u00e0 gratuitamente una copia dell\u2019antologia.<\/p>\n","protected":false},"excerpt":{"rendered":"Il 25 e 26 settembre 2025, a Zenica, si svolger\u00e0 l\u201911\u00aa edizione del Festival Letterario Internazionale &#8220;Pero \u017divodraga \u017divkovi\u0107a&#8221;, sotto il patrocinio della nostra Ambasciata e di WikiPoesia. Vi invitiamo a partecipare al Festival presentando: &#8211; due poesie di massimo 30 versi (in formato Word, font Times New Roman, dimensione 14); &#8211; una fotografia dell\u2019autore; [&hellip;]","protected":false},"author":9,"featured_media":6372,"comment_status":"closed","ping_status":"closed","sticky":false,"template":"","format":"standard","meta":{"footnotes":""},"tags":[7],"class_list":["post-6371","post","type-post","status-publish","format-standard","has-post-thumbnail","hentry","tag-diplomazia-culturale"],"_links":{"self":[{"href":"https:\/\/ambsarajevo.esteri.it\/it\/wp-json\/wp\/v2\/posts\/6371","targetHints":{"allow":["GET"]}}],"collection":[{"href":"https:\/\/ambsarajevo.esteri.it\/it\/wp-json\/wp\/v2\/posts"}],"about":[{"href":"https:\/\/ambsarajevo.esteri.it\/it\/wp-json\/wp\/v2\/types\/post"}],"author":[{"embeddable":true,"href":"https:\/\/ambsarajevo.esteri.it\/it\/wp-json\/wp\/v2\/users\/9"}],"replies":[{"embeddable":true,"href":"https:\/\/ambsarajevo.esteri.it\/it\/wp-json\/wp\/v2\/comments?post=6371"}],"version-history":[{"count":3,"href":"https:\/\/ambsarajevo.esteri.it\/it\/wp-json\/wp\/v2\/posts\/6371\/revisions"}],"predecessor-version":[{"id":6397,"href":"https:\/\/ambsarajevo.esteri.it\/it\/wp-json\/wp\/v2\/posts\/6371\/revisions\/6397"}],"wp:featuredmedia":[{"embeddable":true,"href":"https:\/\/ambsarajevo.esteri.it\/it\/wp-json\/wp\/v2\/media\/6372"}],"wp:attachment":[{"href":"https:\/\/ambsarajevo.esteri.it\/it\/wp-json\/wp\/v2\/media?parent=6371"}],"wp:term":[{"taxonomy":"post_tag","embeddable":true,"href":"https:\/\/ambsarajevo.esteri.it\/it\/wp-json\/wp\/v2\/tags?post=6371"}],"curies":[{"name":"wp","href":"https:\/\/api.w.org\/{rel}","templated":true}]}}