{"id":1972,"date":"2018-05-16T11:12:25","date_gmt":"2018-05-16T09:12:25","guid":{"rendered":"https:\/\/ambsarajevo.esteri.it\/news\/dall_ambasciata\/2018\/05\/le-arti-visive-italiane-a-sarajevo\/"},"modified":"2018-05-16T11:12:25","modified_gmt":"2018-05-16T09:12:25","slug":"le-arti-visive-italiane-a-sarajevo","status":"publish","type":"post","link":"https:\/\/ambsarajevo.esteri.it\/it\/news\/dall_ambasciata\/2018\/05\/le-arti-visive-italiane-a-sarajevo\/","title":{"rendered":"LE ARTI VISIVE ITALIANE A SARAJEVO EST"},"content":{"rendered":"<p style=\"text-align: center;\"><strong>COMUNICATO STAMPA<\/strong><\/p>\n<p style=\"text-align: center;\"><strong>LE ARTI VISIVE ITALIANE A SARAJEVO EST<\/strong><\/p>\n<p style=\"text-align: justify;\"><strong>Sarajevo, 9 maggio 2018.<\/strong> L\u2019Ambasciata d\u2019Italia a Sarajevo ha il piacere di annunciare che i prossimi 18 e 21 maggio verr\u00e0 lanciato a Sarajevo Est il nuovo progetto \u201cMostre Viaggianti\u201d, che porter\u00e0 nelle principali citt\u00e0 della Bosnia Erzegovina una serie di lavori ed esposizioni che vanno dall&#8217;integrazione europea, alle arti grafiche e fumettistiche italiane.<\/p>\n<p style=\"text-align: justify;\">La rassegna si aprir\u00e0 venerd\u00ec 18 maggio alle ore 15:00 presso la Facolt\u00e0 di Filosofia dell\u2019Universit\u00e0 di Sarajevo Est, a Pale, dove verr\u00e0 inaugurata la mostra \u201cMostra celebrativa del 60 anniversario dei Trattati di Roma\u201d, che ripercorre, attraverso i suoi 14 pannelli, la storia e la firma, nel 1957, dei Trattati istitutivi delle Comunit\u00e0 Europee. Il tema \u00e8 particolarmente rilevante nell&#8217;ambito del percorso di integrazione europea del Paese, ancor pi\u00f9 alla luce dell&#8217;adozione, lo scorso febbraio, della nuova strategia per i Balcani da parte della Commissione Europea, seguita dalla visita in Bosnia Erzegovina del Presidente Juncker. Per questa ragione, l&#8217;inaugurazione sar\u00e0 preceduta alle ore 14:00 da un dibattito aperto agli studenti dell&#8217;Universit\u00e0, in cui l&#8217;Amb. Minasi parler\u00e0 e risponder\u00e0 alle domande degli studenti sull\u2019importanza ed il ruolo dell\u2019integrazione dei Balcani nel contesto europeo.<\/p>\n<p style=\"text-align: justify;\">Luned\u00ec 21 maggio presso il Centro Culturale del Comune di Lukavica si aprir\u00e0 alle ore 18:00 una mostra dedicata al fumetto italiano, realizzata con il sostegno della Mre\u017ea za izgradnju mira di Goran Bubalo, dove verranno esposti alcuni dei disegni pi\u00f9 famosi del fumetto Alan Ford, ideato da Max Bunker (Luciano Secchi) e disegnato da Magnus (Roberto Raviola) nel lontano 1969. Un mondo quello di Alan Ford che con una fine satira ha descritto la storia della societ\u00e0 italiana dalla fine degli anni \u201860 fino ad oggi, e che riscuote da sempre particolare successo in Bosnia Erzegovina, dove esso \u00e8 tradotto da anni. In linea con la natura itinerante della rassegna, l&#8217; 8 Giugno da Lukavica la mostra di Alan Ford si sposter\u00e0 presso il Centro Culturale di Pale, dove rimarr\u00e0 esposta fino alla fine di giugno.<\/p>\n<p style=\"text-align: justify;\"><img loading=\"lazy\" decoding=\"async\" src=\"resource\/img\/2018\/05\/60_anni_tr._roma.jpg\" alt=\"60 anni tr. roma\" width=\"350\" height=\"239\" \/>\u00a0\u00a0\u00a0\u00a0\u00a0\u00a0\u00a0 <img loading=\"lazy\" decoding=\"async\" src=\"resource\/img\/2018\/05\/alan_ford_pale.jpg\" alt=\"alan ford pale\" width=\"334\" height=\"411\" \/><\/p>\n","protected":false},"excerpt":{"rendered":"COMUNICATO STAMPA LE ARTI VISIVE ITALIANE A SARAJEVO EST Sarajevo, 9 maggio 2018. L\u2019Ambasciata d\u2019Italia a Sarajevo ha il piacere di annunciare che i prossimi 18 e 21 maggio verr\u00e0 lanciato a Sarajevo Est il nuovo progetto \u201cMostre Viaggianti\u201d, che porter\u00e0 nelle principali citt\u00e0 della Bosnia Erzegovina una serie di lavori ed esposizioni che vanno [&hellip;]","protected":false},"author":1,"featured_media":0,"comment_status":"","ping_status":"","sticky":false,"template":"","format":"standard","meta":{"footnotes":""},"tags":[],"class_list":["post-1972","post","type-post","status-publish","format-standard","hentry"],"_links":{"self":[{"href":"https:\/\/ambsarajevo.esteri.it\/it\/wp-json\/wp\/v2\/posts\/1972","targetHints":{"allow":["GET"]}}],"collection":[{"href":"https:\/\/ambsarajevo.esteri.it\/it\/wp-json\/wp\/v2\/posts"}],"about":[{"href":"https:\/\/ambsarajevo.esteri.it\/it\/wp-json\/wp\/v2\/types\/post"}],"author":[{"embeddable":true,"href":"https:\/\/ambsarajevo.esteri.it\/it\/wp-json\/wp\/v2\/users\/1"}],"replies":[{"embeddable":true,"href":"https:\/\/ambsarajevo.esteri.it\/it\/wp-json\/wp\/v2\/comments?post=1972"}],"version-history":[{"count":0,"href":"https:\/\/ambsarajevo.esteri.it\/it\/wp-json\/wp\/v2\/posts\/1972\/revisions"}],"wp:attachment":[{"href":"https:\/\/ambsarajevo.esteri.it\/it\/wp-json\/wp\/v2\/media?parent=1972"}],"wp:term":[{"taxonomy":"post_tag","embeddable":true,"href":"https:\/\/ambsarajevo.esteri.it\/it\/wp-json\/wp\/v2\/tags?post=1972"}],"curies":[{"name":"wp","href":"https:\/\/api.w.org\/{rel}","templated":true}]}}