{"id":1943,"date":"2018-06-18T16:40:19","date_gmt":"2018-06-18T14:40:19","guid":{"rendered":"https:\/\/ambsarajevo.esteri.it\/news\/dall_ambasciata\/2018\/06\/inaugurazione-della-mostra-italian\/"},"modified":"2018-06-18T16:40:19","modified_gmt":"2018-06-18T14:40:19","slug":"inaugurazione-della-mostra-italian","status":"publish","type":"post","link":"https:\/\/ambsarajevo.esteri.it\/it\/news\/dall_ambasciata\/2018\/06\/inaugurazione-della-mostra-italian\/","title":{"rendered":"INAUGURAZIONE DELLA MOSTRA &#8220;ITALIAN URBAN LANDSCAPES&#8221; (MOSTAR, 21 GIUGNO 2018)"},"content":{"rendered":"<p>\u00a0<\/p>\n<p><strong>Sarajevo, 18 giugno 2018.<\/strong> L&#8217;Ambasciata d&#8217;Italia a Sarajevo ha il piacere di annunciare che gioved\u00ec 21 giugno alle ore 10:00, presso il Centar za kulturu di Mostar, verr\u00e0 inaugurata la mostra &#8220;Italian Urban Landscapes&#8221;. L&#8217;esposizione si compone di 40 pannelli che riproducono le progettazioni e le soluzioni abitative pi\u00f9 innovative dell&#8217;architettura italiana contemporanea. Il lavoro, insignito nel 2016 dell&#8217;annuale Premio Architetto conferito dal Consiglio Nazionale degli Architetti, Pianificatori, Paesaggisti e Conservatori, presenta il talento italiano agli esponenti bosniaci del mondo dell&#8217;architettura, dell\u2019ingegneria e del design, a partire da Professori e studenti, per favorire collaborazioni e scambi internazionali.<br \/>Non a caso, \u00e8 stata l&#8217;attiva collaborazione delle due universit\u00e0 cittadine Sveu\u010dili\u0161te e D\u017eemal Bijedi\u0107, le cui autorit\u00e0 parteciperanno all&#8217;inaugurazione assieme all&#8217;Amb. Nicola Minasi, a permettere di offrire alla citt\u00e0 di Mostar la mostra, promossa dall&#8217;Istituto Italiano del Commercio Estero (ICE) e attualmente esposta presso il Museo di Arte Contemporanea di Sarajevo Ars Aevi. L&#8217;iniziativa riunisce quindi interlocutori italiani e locali nel segno del design, per una promozione integrata di arte, economia e Made in Italy in tutti i principali centri della Bosnia Erzegovina.<\/p>\n","protected":false},"excerpt":{"rendered":"\u00a0 Sarajevo, 18 giugno 2018. L&#8217;Ambasciata d&#8217;Italia a Sarajevo ha il piacere di annunciare che gioved\u00ec 21 giugno alle ore 10:00, presso il Centar za kulturu di Mostar, verr\u00e0 inaugurata la mostra &#8220;Italian Urban Landscapes&#8221;. L&#8217;esposizione si compone di 40 pannelli che riproducono le progettazioni e le soluzioni abitative pi\u00f9 innovative dell&#8217;architettura italiana contemporanea. Il [&hellip;]","protected":false},"author":1,"featured_media":0,"comment_status":"","ping_status":"","sticky":false,"template":"","format":"standard","meta":{"footnotes":""},"tags":[],"class_list":["post-1943","post","type-post","status-publish","format-standard","hentry"],"_links":{"self":[{"href":"https:\/\/ambsarajevo.esteri.it\/it\/wp-json\/wp\/v2\/posts\/1943","targetHints":{"allow":["GET"]}}],"collection":[{"href":"https:\/\/ambsarajevo.esteri.it\/it\/wp-json\/wp\/v2\/posts"}],"about":[{"href":"https:\/\/ambsarajevo.esteri.it\/it\/wp-json\/wp\/v2\/types\/post"}],"author":[{"embeddable":true,"href":"https:\/\/ambsarajevo.esteri.it\/it\/wp-json\/wp\/v2\/users\/1"}],"replies":[{"embeddable":true,"href":"https:\/\/ambsarajevo.esteri.it\/it\/wp-json\/wp\/v2\/comments?post=1943"}],"version-history":[{"count":0,"href":"https:\/\/ambsarajevo.esteri.it\/it\/wp-json\/wp\/v2\/posts\/1943\/revisions"}],"wp:attachment":[{"href":"https:\/\/ambsarajevo.esteri.it\/it\/wp-json\/wp\/v2\/media?parent=1943"}],"wp:term":[{"taxonomy":"post_tag","embeddable":true,"href":"https:\/\/ambsarajevo.esteri.it\/it\/wp-json\/wp\/v2\/tags?post=1943"}],"curies":[{"name":"wp","href":"https:\/\/api.w.org\/{rel}","templated":true}]}}