{"id":1582,"date":"2020-11-25T10:54:57","date_gmt":"2020-11-25T08:54:57","guid":{"rendered":"https:\/\/ambsarajevo.esteri.it\/news\/dall_ambasciata\/2020\/11\/radio-italia-su-radio-sarajevo_5\/"},"modified":"2020-11-25T10:54:57","modified_gmt":"2020-11-25T08:54:57","slug":"radio-italia-su-radio-sarajevo_5","status":"publish","type":"post","link":"https:\/\/ambsarajevo.esteri.it\/it\/news\/dall_ambasciata\/2020\/11\/radio-italia-su-radio-sarajevo_5\/","title":{"rendered":"Radio Italia su Radio Sarajevo"},"content":{"rendered":"<p>Questa settimana tante curiosita&#8217; su #TizianoFerro solo su #RadioItalia, sulle onde di @radiosarajevo<\/p>\n<p>Jedan je od rijetkih koji karijeru nije po\u010deo na San Remu. Otkrijte jo\u0161 zanimljivih stvari o jednom od najprodavanijih pjeva\u010da Italije.<\/p>\n<p>Tiziano Ferro and his story, this week on @radiosarajevo<\/p>\n<p>\u00a0<\/p>\n<p>U\u017eivo danas u 12:15\/Live today at 12:15\/Dal vivo oggi alle 12:15: <a href=\"https:\/\/radiosarajevo.ba\/slusaj\">https:\/\/radiosarajevo.ba\/slusaj<\/a><\/p>\n<p>\u00a0<\/p>\n<p>i na\/and on\/e su: <a href=\"https:\/\/www.mixcloud.com\/radiosarajevo\/\">https:\/\/www.mixcloud.com\/radiosarajevo\/<\/a><\/p>\n<p>\u00a0<\/p>\n","protected":false},"excerpt":{"rendered":"Questa settimana tante curiosita&#8217; su #TizianoFerro solo su #RadioItalia, sulle onde di @radiosarajevo Jedan je od rijetkih koji karijeru nije po\u010deo na San Remu. Otkrijte jo\u0161 zanimljivih stvari o jednom od najprodavanijih pjeva\u010da Italije. Tiziano Ferro and his story, this week on @radiosarajevo \u00a0 U\u017eivo danas u 12:15\/Live today at 12:15\/Dal vivo oggi alle 12:15: [&hellip;]","protected":false},"author":1,"featured_media":0,"comment_status":"","ping_status":"","sticky":false,"template":"","format":"standard","meta":{"footnotes":""},"tags":[],"class_list":["post-1582","post","type-post","status-publish","format-standard","hentry"],"_links":{"self":[{"href":"https:\/\/ambsarajevo.esteri.it\/it\/wp-json\/wp\/v2\/posts\/1582","targetHints":{"allow":["GET"]}}],"collection":[{"href":"https:\/\/ambsarajevo.esteri.it\/it\/wp-json\/wp\/v2\/posts"}],"about":[{"href":"https:\/\/ambsarajevo.esteri.it\/it\/wp-json\/wp\/v2\/types\/post"}],"author":[{"embeddable":true,"href":"https:\/\/ambsarajevo.esteri.it\/it\/wp-json\/wp\/v2\/users\/1"}],"replies":[{"embeddable":true,"href":"https:\/\/ambsarajevo.esteri.it\/it\/wp-json\/wp\/v2\/comments?post=1582"}],"version-history":[{"count":0,"href":"https:\/\/ambsarajevo.esteri.it\/it\/wp-json\/wp\/v2\/posts\/1582\/revisions"}],"wp:attachment":[{"href":"https:\/\/ambsarajevo.esteri.it\/it\/wp-json\/wp\/v2\/media?parent=1582"}],"wp:term":[{"taxonomy":"post_tag","embeddable":true,"href":"https:\/\/ambsarajevo.esteri.it\/it\/wp-json\/wp\/v2\/tags?post=1582"}],"curies":[{"name":"wp","href":"https:\/\/api.w.org\/{rel}","templated":true}]}}