{"id":1578,"date":"2020-12-07T12:05:25","date_gmt":"2020-12-07T10:05:25","guid":{"rendered":"https:\/\/ambsarajevo.esteri.it\/news\/dall_ambasciata\/2020\/12\/venticinque-anni-dopo-accordi-di\/"},"modified":"2020-12-07T12:05:25","modified_gmt":"2020-12-07T10:05:25","slug":"venticinque-anni-dopo-accordi-di","status":"publish","type":"post","link":"https:\/\/ambsarajevo.esteri.it\/it\/news\/dall_ambasciata\/2020\/12\/venticinque-anni-dopo-accordi-di\/","title":{"rendered":"Venticinque anni dopo: Accordi di Dayton e il percorso europeo della Bosnia ed Erzegovina"},"content":{"rendered":"<p>La conferenza \u00e8 disponibile sulla pagina Facebook dell&#8217;Ambasciata a Sarajevo, ItalyinBiH (<a href=\"https:\/\/www.facebook.com\/ItalyinBiH\/videos\/146258930331098\">https:\/\/www.facebook.com\/ItalyinBiH\/videos\/146258930331098<\/a>).<\/p>\n<p>The Conference is now available on the Facebook page of the Italian Embassy in Sarajevo, ItalyinBiH (<a href=\"https:\/\/www.facebook.com\/ItalyinBiH\/videos\/146258930331098\">https:\/\/www.facebook.com\/ItalyinBiH\/videos\/146258930331098<\/a>).<\/p>\n<p>(English version below)<\/p>\n<p>Il Ministero degli Affari Esteri italiano, attraverso la sua Ambasciata in Bosnia ed Erzegovina, organizza una conferenza internazionale online intitolata &#8220;Venticinque anni dopo: Accordi di Dayton e il percorso europeo della Bosnia ed Erzegovina&#8221;, che si terr\u00e0 il 18 dicembre dalle 15:00 alle 18:30 con streaming online sulla pagina Facebook dell&#8217;Ambasciata: <a href=\"https:\/\/www.facebook.com\/ItalyinBiH\/\">ItalyinBiH<\/a>.<\/p>\n<p>Interverranno il Ministro degli Affari Esteri italiano Luigi Di Maio, il Ministro degli Affari Esteri della Bosnia Erzegovina Bisera Turkovi\u0107, il Commissario Europeo per l&#8217;Allargamento Oliv\u00e9r V\u00e1rhelyi ed il Commissario per i Diritti Umani del Consiglio d&#8217;Europa Dunja Mijatovi\u0107.<\/p>\n<p>I lavori saranno articolati in due sessioni e si concentreranno su due principali aree di attuale interesse: quali sono le origini e la portata del concetto di &#8220;popoli costituenti&#8221; contenuto nell&#8217;accordo di Dayton? Come pu\u00f2 questo concetto interagire con il diritto dell&#8217;UE per garantire che i diritti dei cittadini siano ugualmente rispettati e che la Bosnia-Erzegovina possa diventare un membro effettivo e di successo della famiglia europea?<\/p>\n<p>Tutti i relatori provengono da una ricca variet\u00e0 di esperienze accademiche dalla Bosnia-Erzegovina, dalla regione dei Balcani e del resto d&#8217;Europa e condivideranno gli approfondimenti dalla loro area di competenza.<\/p>\n<p>Essi comprendono:<\/p>\n<p>\u00a0<\/p>\n<p>Mitja \u017dagar, Institute for Ethnic Studies, Ljubljana<\/p>\n<p>Joseph Marko, University of Graz<\/p>\n<p>Maja Sahad\u017ei\u0107, University of Antwerp<\/p>\n<p>Goran Markovi\u0107, University of East Sarajevo<\/p>\n<p>Petra Roter, University of Ljubljana<\/p>\n<p>Fikret \u010cau\u0161evi\u0107, University of Sarajevo<\/p>\n<p>Jens Woelk, University of Trento<\/p>\n<p>Asim Mujki\u0107, University of Sarajevo<\/p>\n<p>Senada \u0160elo \u0160abi\u0107 \u2013 IRMO, Zagreb<\/p>\n<p>Tatjana Sekuli\u0107, University of Milano-Bicocca<\/p>\n<p>Amb. Johann Sattler \u2013 EU Special Representative in Bosnia and Herzegovina<\/p>\n<p>Amb. Edin Dilberovi\u0107 \u2013 Director of the Directorate for EU Integration, Bosnia and Herzegovina<\/p>\n<p>Amb. Nicola Minasi \u2013 Ambassador of Italy in Bosnia and Herzegovina<\/p>\n<p>\u00a0<\/p>\n<p>Nathalie Tocci dell&#8217;International Affairs Institute &#8211; IAI moderer\u00e0 il dibattito.<\/p>\n<p>\u00a0<\/p>\n<p>Durante la conferenza sar\u00e0 possibile porrere le domande ed il pubblico online \u00e8 invitato a interagire.<\/p>\n<p>\u00a0<\/p>\n<p>\u00a0<\/p>\n<p style=\"text-align: justify;\">The Ministry of Foreign Affairs of Italy, through its Embassy Bosnia and Herzegovina, is organizing an international online conference on \u201cTwenty Five Years Later: Dayton Agreement and the European Pathway of Bosnia and Herzegovina\u201d, which will take place on the 18th of December from 15:00 to 18:30 with online streaming on the Facebook page of the Embassy, at <a href=\"https:\/\/www.facebook.com\/ItalyinBiH\/\">ItalyinBiH<\/a>.<\/p>\n<p style=\"text-align: justify;\">Italian Foreign Minister Luigi Di Maio, BiH Foreign Minister Bisera Turkovi\u0107, EU Enlargement Commissioner Oliv\u00e9r V\u00e1rhelyi and Council of Europe Commissioner for Human Rights Dunja Mijatovi\u0107 will give introductory remarks.<\/p>\n<p style=\"text-align: justify;\">The proceedings will cover two sessions and will focus on two main areas of current interest, namely: what are the origins and scope of the concept of \u201cconstituent peoples\u201d found in the Dayton agreement? How can that concept interact with EU law to make sure that citizens&#8217; rights and equally are respected and that BiH can become an effective, successful member of the EU family?<\/p>\n<p style=\"text-align: justify;\">All panelists come from a rich variety of academic backgrounds in BiH, the Balkan region and the rest of Europe and will share insights from their area of expertise.<\/p>\n<p style=\"text-align: justify;\">They include:<\/p>\n<p>Mitja \u017dagar, Institute for Ethnic Studies, Ljubljana<\/p>\n<p>Joseph Marko, University of Graz<\/p>\n<p>Maja Sahad\u017ei\u0107, University of Antwerp<\/p>\n<p>Goran Markovi\u0107, University of East Sarajevo<\/p>\n<p>Petra Roter, University of Ljubljana<\/p>\n<p>Fikret \u010cau\u0161evi\u0107, University of Sarajevo<\/p>\n<p>Jens Woelk, University of Trento<\/p>\n<p>Asim Mujki\u0107, University of Sarajevo<\/p>\n<p>Senada \u0160elo \u0160abi\u0107 \u2013 IRMO, Zagreb<\/p>\n<p>Tatjana Sekuli\u0107, University of Milano-Bicocca<\/p>\n<p>Amb. Johann Sattler \u2013 EU Special Representative in Bosnia and Herzegovina<\/p>\n<p>Amb. Edin Dilberovi\u0107 \u2013 Director of the Directorate for EU Integration, Bosnia and Herzegovina<\/p>\n<p>Amb. Nicola Minasi \u2013 Ambassador of Italy in Bosnia and Herzegovina<\/p>\n<p style=\"text-align: justify;\">\u00a0<\/p>\n<p style=\"text-align: justify;\">Nathalie Tocci from the International Affairs Institute-IAI, will moderate the debate.<\/p>\n<p style=\"text-align: justify;\">\u00a0<\/p>\n<p style=\"text-align: justify;\">Questions and answers will be possible during the conference and the online audience is warmly invited to follow and interact.<\/p>\n<p style=\"text-align: justify;\">\u00a0<\/p>\n<p style=\"text-align: justify;\">\u00a0<\/p>\n","protected":false},"excerpt":{"rendered":"La conferenza \u00e8 disponibile sulla pagina Facebook dell&#8217;Ambasciata a Sarajevo, ItalyinBiH (https:\/\/www.facebook.com\/ItalyinBiH\/videos\/146258930331098). The Conference is now available on the Facebook page of the Italian Embassy in Sarajevo, ItalyinBiH (https:\/\/www.facebook.com\/ItalyinBiH\/videos\/146258930331098). (English version below) Il Ministero degli Affari Esteri italiano, attraverso la sua Ambasciata in Bosnia ed Erzegovina, organizza una conferenza internazionale online intitolata &#8220;Venticinque anni dopo: [&hellip;]","protected":false},"author":1,"featured_media":0,"comment_status":"","ping_status":"","sticky":false,"template":"","format":"standard","meta":{"footnotes":""},"tags":[],"class_list":["post-1578","post","type-post","status-publish","format-standard","hentry"],"_links":{"self":[{"href":"https:\/\/ambsarajevo.esteri.it\/it\/wp-json\/wp\/v2\/posts\/1578","targetHints":{"allow":["GET"]}}],"collection":[{"href":"https:\/\/ambsarajevo.esteri.it\/it\/wp-json\/wp\/v2\/posts"}],"about":[{"href":"https:\/\/ambsarajevo.esteri.it\/it\/wp-json\/wp\/v2\/types\/post"}],"author":[{"embeddable":true,"href":"https:\/\/ambsarajevo.esteri.it\/it\/wp-json\/wp\/v2\/users\/1"}],"replies":[{"embeddable":true,"href":"https:\/\/ambsarajevo.esteri.it\/it\/wp-json\/wp\/v2\/comments?post=1578"}],"version-history":[{"count":0,"href":"https:\/\/ambsarajevo.esteri.it\/it\/wp-json\/wp\/v2\/posts\/1578\/revisions"}],"wp:attachment":[{"href":"https:\/\/ambsarajevo.esteri.it\/it\/wp-json\/wp\/v2\/media?parent=1578"}],"wp:term":[{"taxonomy":"post_tag","embeddable":true,"href":"https:\/\/ambsarajevo.esteri.it\/it\/wp-json\/wp\/v2\/tags?post=1578"}],"curies":[{"name":"wp","href":"https:\/\/api.w.org\/{rel}","templated":true}]}}