{"id":8612,"date":"2026-09-04T12:39:26","date_gmt":"2026-09-04T10:39:26","guid":{"rendered":"https:\/\/ambsarajevo.esteri.it\/?p=8612"},"modified":"2026-09-04T12:44:04","modified_gmt":"2026-09-04T10:44:04","slug":"doppeltata-u-sarajevu-rap-i-balkanski-zvuci-spajaju-italiju-i-bosnu-i-hercegovinu","status":"publish","type":"post","link":"https:\/\/ambsarajevo.esteri.it\/bs\/news\/dall_ambasciata\/2026\/09\/doppeltata-u-sarajevu-rap-i-balkanski-zvuci-spajaju-italiju-i-bosnu-i-hercegovinu\/","title":{"rendered":"DOPPELTATA U SARAJEVU: RAP I BALKANSKI ZVUCI SPAJAJU ITALIJU I BOSNU I HERCEGOVINU"},"content":{"rendered":"<p><strong>Sarajevo, 4. septembra 2026.<\/strong> &#8211; Sino\u0107 je u sarajevskom Klubu Sloga odr\u017ean koncert <strong>Doppeltate<\/strong>, italijansko-bosanskog umjetnika i repera koji u svom originalnom muzi\u010dkom izri\u010daju spaja savremeni rap sa zvucima Balkana.<\/p>\n<p>Doga\u0111aj, u organizaciji <strong>Ambasade Italije u Sarajevu<\/strong>, ponudio je sarajevskoj publici ve\u010der posve\u0107enu muzici i susretu kultura kroz nastup umjetnika \u010dije li\u010dno i kreativno iskustvo predstavlja svojevrstan most izme\u0111u Italije i Bosne i Hercegovine.<\/p>\n<p>Doppeltata u svom prepoznatljivom stilu povezuje jezike, ritmove i utjecaje s dvije strane Jadrana, koriste\u0107i muziku kako bi ispri\u010dao pri\u010de i iskustva bliska novim generacijama u Italiji i Bosni i Hercegovini.<\/p>\n<p>Koncert je dio aktivnosti Ambasade Italije u Sarajevu usmjerenih na promociju savremene italijanske kulture, ali i na isticanje dubokih kulturnih i ljudskih veza izme\u0111u Italije i Bosne i Hercegovine.<\/p>\n<p>Muzika se i ovom prilikom pokazala kao univerzalan jezik dijaloga i povezivanja, sposoban da pribli\u017ei ljude, kulture i nove generacije te dodatno u\u010dvrsti prijateljstvo izme\u0111u dvije zemlje.<\/p>\n","protected":false},"excerpt":{"rendered":"Sarajevo, 4. septembra 2026. &#8211; Sino\u0107 je u sarajevskom Klubu Sloga odr\u017ean koncert Doppeltate, italijansko-bosanskog umjetnika i repera koji u svom originalnom muzi\u010dkom izri\u010daju spaja savremeni rap sa zvucima Balkana. Doga\u0111aj, u organizaciji Ambasade Italije u Sarajevu, ponudio je sarajevskoj publici ve\u010der posve\u0107enu muzici i susretu kultura kroz nastup umjetnika \u010dije li\u010dno i kreativno iskustvo [&hellip;]","protected":false},"author":5,"featured_media":8617,"comment_status":"closed","ping_status":"closed","sticky":false,"template":"","format":"standard","meta":{"footnotes":""},"tags":[],"class_list":["post-8612","post","type-post","status-publish","format-standard","has-post-thumbnail","hentry"],"_links":{"self":[{"href":"https:\/\/ambsarajevo.esteri.it\/bs\/wp-json\/wp\/v2\/posts\/8612","targetHints":{"allow":["GET"]}}],"collection":[{"href":"https:\/\/ambsarajevo.esteri.it\/bs\/wp-json\/wp\/v2\/posts"}],"about":[{"href":"https:\/\/ambsarajevo.esteri.it\/bs\/wp-json\/wp\/v2\/types\/post"}],"author":[{"embeddable":true,"href":"https:\/\/ambsarajevo.esteri.it\/bs\/wp-json\/wp\/v2\/users\/5"}],"replies":[{"embeddable":true,"href":"https:\/\/ambsarajevo.esteri.it\/bs\/wp-json\/wp\/v2\/comments?post=8612"}],"version-history":[{"count":1,"href":"https:\/\/ambsarajevo.esteri.it\/bs\/wp-json\/wp\/v2\/posts\/8612\/revisions"}],"predecessor-version":[{"id":8614,"href":"https:\/\/ambsarajevo.esteri.it\/bs\/wp-json\/wp\/v2\/posts\/8612\/revisions\/8614"}],"wp:featuredmedia":[{"embeddable":true,"href":"https:\/\/ambsarajevo.esteri.it\/bs\/wp-json\/wp\/v2\/media\/8617"}],"wp:attachment":[{"href":"https:\/\/ambsarajevo.esteri.it\/bs\/wp-json\/wp\/v2\/media?parent=8612"}],"wp:term":[{"taxonomy":"post_tag","embeddable":true,"href":"https:\/\/ambsarajevo.esteri.it\/bs\/wp-json\/wp\/v2\/tags?post=8612"}],"curies":[{"name":"wp","href":"https:\/\/api.w.org\/{rel}","templated":true}]}}