{"id":8578,"date":"2026-09-02T13:17:12","date_gmt":"2026-09-02T11:17:12","guid":{"rendered":"https:\/\/ambsarajevo.esteri.it\/?p=8578"},"modified":"2026-09-02T14:08:57","modified_gmt":"2026-09-02T12:08:57","slug":"bosna-i-hercegovina-italija-u-sredistu-paznje-na-sajmu-zeps-u-zenici","status":"publish","type":"post","link":"https:\/\/ambsarajevo.esteri.it\/bs\/news\/dall_ambasciata\/2026\/09\/bosna-i-hercegovina-italija-u-sredistu-paznje-na-sajmu-zeps-u-zenici\/","title":{"rendered":"BOSNA I HERCEGOVINA: ITALIJA U SREDI\u0160TU PA\u017dNJE NA SAJMU ZEPS U ZENICI"},"content":{"rendered":"<p>Danas je u Zenici odr\u017eana ceremonija otvaranja 32. izdanja Me\u0111unarodnog sajma \u201eZEPS 2026\u201c. Sajam, koji \u0107e trajati do 5. septembra, smatra se jednom od najzna\u010dajnijih sajamskih manifestacija na regionalnom i me\u0111unarodnom nivou. Otvaranju su, izme\u0111u ostalih, prisustvovali predsjedavaju\u0107i Predsjedni\u0161tva Bosne i Hercegovine Denis Be\u0107irovi\u0107 i premijer Federacije Bosne i Hercegovine Nermin Nik\u0161i\u0107.<\/p>\n<p>&nbsp;<\/p>\n<p>Kao i povodom Me\u0111unarodnog sajma u Mostaru u aprilu ove godine, Italija je me\u0111u glavnim protagonistima ZEPS-a 2026: uz poja\u010dano prisustvo italijanskih kompanija izlaga\u010da i \u0161tandom povr\u0161ine 100m\u00b2, koji je organiziralo Udru\u017eenje italijanskih privrednika u Bosni i Hercegovini uz pokroviteljstvo Ambasade Italije u Sarajevu, Sajam je potvrdio \u010dvrstinu ekonomskih odnosa izme\u0111u Italije i Bosne i Hercegovine, kao i sve ve\u0107i interes za razvoj poduzetni\u0161tva i industrije na podru\u010dju Zeni\u010dko-dobojskog kantona. Rije\u010d je o dugoro\u010dnom interesu, koji je ve\u0107 pro\u0161le godine doveo do susreta ambasadorice Castellani s predstavnicima ZEDA-e, Razvojne agencije iz Zenice i partnera Sajma ZEPS, kao i do organiziranja jedne od etapa \u201eSedmice italijanske kuhinje\u201c u ovom gradu.<\/p>\n<p>&nbsp;<\/p>\n<p>\u201eItalija je prvi dobavlja\u010d Bosne i Hercegovine i njen drugi trgovinski partner, s ukupnom trgovinskom razmjenom u vrijednosti od 1,7 milijardi eura u prvih sedam mjeseci ove godine. Osim toga, italijanske kompanije u Bosni i Hercegovini zapo\u0161ljavaju oko 13.000 radnika\u201c, izjavila je ambasadorica Castellani u svom obra\u0107anju. \u201eNa\u0161e ekonomske odnose odlikuju \u010dvrstina, dubina i veliki potencijal za daljnji razvoj. A Zenica predstavlja njihov najzna\u010dajniji izraz.\u201c<\/p>\n<p>&nbsp;<\/p>\n<p>Industrijsko sredi\u0161te Zenice bilje\u017ei prisustvo italijanskih kompanija i tokom vremena je uspostavilo uspje\u0161ne odnose s na\u0161om zemljom. To predstavlja dodatnu potvrdu \u2013 rije\u010di su ambasadorice Castellani \u2013 \u201ebliske povezanosti Italije i Bosne i Hercegovine, zasnovane na povjerenju, zajedni\u010dkim vrijednostima i zajedni\u010dkoj posve\u0107enosti ekonomskom rastu i odr\u017eivom razvoju, tako\u0111er i u perspektivi procesa evropskih integracija zemlje\u201c.<\/p>\n","protected":false},"excerpt":{"rendered":"Danas je u Zenici odr\u017eana ceremonija otvaranja 32. izdanja Me\u0111unarodnog sajma \u201eZEPS 2026\u201c. Sajam, koji \u0107e trajati do 5. septembra, smatra se jednom od najzna\u010dajnijih sajamskih manifestacija na regionalnom i me\u0111unarodnom nivou. Otvaranju su, izme\u0111u ostalih, prisustvovali predsjedavaju\u0107i Predsjedni\u0161tva Bosne i Hercegovine Denis Be\u0107irovi\u0107 i premijer Federacije Bosne i Hercegovine Nermin Nik\u0161i\u0107. &nbsp; Kao i [&hellip;]","protected":false},"author":5,"featured_media":8570,"comment_status":"closed","ping_status":"closed","sticky":false,"template":"","format":"standard","meta":{"footnotes":""},"tags":[],"class_list":["post-8578","post","type-post","status-publish","format-standard","has-post-thumbnail","hentry"],"_links":{"self":[{"href":"https:\/\/ambsarajevo.esteri.it\/bs\/wp-json\/wp\/v2\/posts\/8578","targetHints":{"allow":["GET"]}}],"collection":[{"href":"https:\/\/ambsarajevo.esteri.it\/bs\/wp-json\/wp\/v2\/posts"}],"about":[{"href":"https:\/\/ambsarajevo.esteri.it\/bs\/wp-json\/wp\/v2\/types\/post"}],"author":[{"embeddable":true,"href":"https:\/\/ambsarajevo.esteri.it\/bs\/wp-json\/wp\/v2\/users\/5"}],"replies":[{"embeddable":true,"href":"https:\/\/ambsarajevo.esteri.it\/bs\/wp-json\/wp\/v2\/comments?post=8578"}],"version-history":[{"count":1,"href":"https:\/\/ambsarajevo.esteri.it\/bs\/wp-json\/wp\/v2\/posts\/8578\/revisions"}],"predecessor-version":[{"id":8579,"href":"https:\/\/ambsarajevo.esteri.it\/bs\/wp-json\/wp\/v2\/posts\/8578\/revisions\/8579"}],"wp:featuredmedia":[{"embeddable":true,"href":"https:\/\/ambsarajevo.esteri.it\/bs\/wp-json\/wp\/v2\/media\/8570"}],"wp:attachment":[{"href":"https:\/\/ambsarajevo.esteri.it\/bs\/wp-json\/wp\/v2\/media?parent=8578"}],"wp:term":[{"taxonomy":"post_tag","embeddable":true,"href":"https:\/\/ambsarajevo.esteri.it\/bs\/wp-json\/wp\/v2\/tags?post=8578"}],"curies":[{"name":"wp","href":"https:\/\/api.w.org\/{rel}","templated":true}]}}