{"id":8531,"date":"2026-09-01T16:25:28","date_gmt":"2026-09-01T14:25:28","guid":{"rendered":"https:\/\/ambsarajevo.esteri.it\/?p=8531"},"modified":"2026-09-01T17:45:50","modified_gmt":"2026-09-01T15:45:50","slug":"eufor-bosna-i-hercegovina-obiljezena-godisnjica-stradanja-posade-aviona-g222","status":"publish","type":"post","link":"https:\/\/ambsarajevo.esteri.it\/bs\/news\/dall_ambasciata\/2026\/09\/eufor-bosna-i-hercegovina-obiljezena-godisnjica-stradanja-posade-aviona-g222\/","title":{"rendered":"EUFOR: BOSNA I HERCEGOVINA, OBILJE\u017dENA GODI\u0160NJICA STRADANJA POSADE AVIONA G222"},"content":{"rendered":"<p><strong>Na planini Zec, u blizini Fojnice, odr\u017eana godi\u0161nja ceremonija u znak sje\u0107anja na \u010detvoricu italijanskih vojnika poginulih tokom humanitarne misije za vrijeme sukoba<\/strong><\/p>\n<p><strong>Sarajevo, 1. septembra 2026.<\/strong> \u2013 Na mjestu na kojem se prije 34 godine dogodila tragedija, na planini Zec u blizini op\u0107ine Fojnica, Kanton Sarajevo, ponovo je odana po\u010dast \u010detvorici italijanskih vojnika, \u010dlanova posade aviona G222 \u201eLyra 34\u201c, koji je oboren 3. septembra 1992. godine tokom sukoba u Bosni i Hercegovini.<\/p>\n<p>Avion, koji je prevozio humanitarnu pomo\u0107 u okviru operacija Ujedinjenih nacija za pomo\u0107 civilnom stanovni\u0161tvu koje je u to vrijeme bilo pogo\u0111eno opsadom grada, nalazio se svega nekoliko minuta od slijetanja kada su ga pogodile dvije rakete zemlja-zrak. Avion je eksplodirao u zraku i sru\u0161io se na vrh planine Zec.<\/p>\n<p>U obaranju aviona \u017eivot su izgubili major pilot Marco Betti, poru\u010dnik pilot Marco Rigliaco, podoficir mehani\u010dar Giuseppe Buttaglieri i podoficir elektromehani\u010dar Giuliano Velardi, koji su svi posthumno odlikovani Zlatnom medaljom za vojnu hrabrost.<\/p>\n<p>Komemoracija, organizirana na mjestu tragedije, predstavljala je trenutak odavanja po\u010dasti i sje\u0107anja na \u017ertvu \u010detvorice italijanskih vojnika, koji su poginuli izvr\u0161avaju\u0107i svoju du\u017enost dok su, u okviru me\u0111unarodne misije, pru\u017eali pomo\u0107 civilnom stanovni\u0161tvu pogo\u0111enom sukobom.<\/p>\n<p>Ceremoniji su prisustvovali ambasadorica Italije u Bosni i Hercegovini, Nj. E. Sarah Castellani, komandant EUFOR-a \u201eALTHEA\u201c, general-major Maurizio Fronda, komandant 46. zra\u010dne brigade, brigadni general zrakoplovstva Luca Mazzini, vojni ata\u0161e pri Ambasadi Italije u Beogradu, pukovnik Aurelio Costa, te predstavnici Oru\u017eanih snaga i lokalnih institucija.<\/p>\n<p>Polaganjem vijenca kod spomenika posve\u0107enog poginulima u Sarajevu jo\u0161 jednom je potvr\u0111ena povezanost lokalne zajednice i Italije, kroz sje\u0107anje koje i nakon 34 godine nastavlja povezivati sve one koji \u010duvaju uspomenu na stradale.<\/p>\n<p>Tokom ceremonije ambasadorica je u svom obra\u0107anju ponovo izrazila sau\u010de\u0161\u0107e Italije zbog stradanja \u010detvorice vojnika i naglasila zna\u010daj italijanskog prisustva u Bosni i Hercegovini:<\/p>\n<p>\u201eSje\u0107anje na one koji su izgubili \u017eivot izvr\u0161avaju\u0107i svoju du\u017enost ostaje \u017eivo i predstavlja podsjetnik na odgovornost koju Italija i dalje preuzima u pru\u017eanju podr\u0161ke miru, stabilnosti i sigurnosti u Bosni i Hercegovini.\u201c<\/p>\n<p>&nbsp;<\/p>\n<p>&nbsp;<\/p>\n","protected":false},"excerpt":{"rendered":"Na planini Zec, u blizini Fojnice, odr\u017eana godi\u0161nja ceremonija u znak sje\u0107anja na \u010detvoricu italijanskih vojnika poginulih tokom humanitarne misije za vrijeme sukoba Sarajevo, 1. septembra 2026. \u2013 Na mjestu na kojem se prije 34 godine dogodila tragedija, na planini Zec u blizini op\u0107ine Fojnica, Kanton Sarajevo, ponovo je odana po\u010dast \u010detvorici italijanskih vojnika, \u010dlanova [&hellip;]","protected":false},"author":5,"featured_media":8521,"comment_status":"closed","ping_status":"closed","sticky":false,"template":"","format":"standard","meta":{"footnotes":""},"tags":[],"class_list":["post-8531","post","type-post","status-publish","format-standard","has-post-thumbnail","hentry"],"_links":{"self":[{"href":"https:\/\/ambsarajevo.esteri.it\/bs\/wp-json\/wp\/v2\/posts\/8531","targetHints":{"allow":["GET"]}}],"collection":[{"href":"https:\/\/ambsarajevo.esteri.it\/bs\/wp-json\/wp\/v2\/posts"}],"about":[{"href":"https:\/\/ambsarajevo.esteri.it\/bs\/wp-json\/wp\/v2\/types\/post"}],"author":[{"embeddable":true,"href":"https:\/\/ambsarajevo.esteri.it\/bs\/wp-json\/wp\/v2\/users\/5"}],"replies":[{"embeddable":true,"href":"https:\/\/ambsarajevo.esteri.it\/bs\/wp-json\/wp\/v2\/comments?post=8531"}],"version-history":[{"count":1,"href":"https:\/\/ambsarajevo.esteri.it\/bs\/wp-json\/wp\/v2\/posts\/8531\/revisions"}],"predecessor-version":[{"id":8533,"href":"https:\/\/ambsarajevo.esteri.it\/bs\/wp-json\/wp\/v2\/posts\/8531\/revisions\/8533"}],"wp:featuredmedia":[{"embeddable":true,"href":"https:\/\/ambsarajevo.esteri.it\/bs\/wp-json\/wp\/v2\/media\/8521"}],"wp:attachment":[{"href":"https:\/\/ambsarajevo.esteri.it\/bs\/wp-json\/wp\/v2\/media?parent=8531"}],"wp:term":[{"taxonomy":"post_tag","embeddable":true,"href":"https:\/\/ambsarajevo.esteri.it\/bs\/wp-json\/wp\/v2\/tags?post=8531"}],"curies":[{"name":"wp","href":"https:\/\/api.w.org\/{rel}","templated":true}]}}