{"id":7666,"date":"2026-03-12T17:02:37","date_gmt":"2026-03-12T15:02:37","guid":{"rendered":"https:\/\/ambsarajevo.esteri.it\/?p=7666"},"modified":"2026-03-12T17:04:14","modified_gmt":"2026-03-12T15:04:14","slug":"stipendije","status":"publish","type":"post","link":"https:\/\/ambsarajevo.esteri.it\/bs\/news\/dall_ambasciata\/2026\/03\/stipendije\/","title":{"rendered":"Stipendije"},"content":{"rendered":"<p class=\"null\" style=\"text-align: justify;\"><b><span style=\"font-family: 'Tahoma',sans-serif; color: #1a1a1a;\">Ministarstvo vanjskih poslova i me\u0111unarodne saradnje (MAECI)\u00a0nudi stipendije <\/span><\/b><span style=\"font-family: 'Tahoma',sans-serif; color: #1a1a1a;\">u korist <b>inostranih, i italijanskih studenata s prebivali\u0161tem u inostranstvu (IRE),<\/b>\u00a0za\u00a0<b>akademsku godinu 2026\/2027.<\/b>, s ciljem pospje\u0161ivanja saradnje u kulturnom, nau\u010dnom i tehnolo\u0161kom domenu, i promicanja ekonomskog sistema Italije u svijetu i difuzije poznavanja italijanskog jezika i kulture (sh. Zakonu 288\/55 i naknadnim izmjenama i dopunama).<\/span><\/p>\n<p class=\"null\" style=\"text-align: justify;\"><span style=\"font-family: 'Tahoma',sans-serif; color: #1a1a1a;\">Stipendija pokriva isklju\u010divo poha\u0111anje studijskih programa na teritoriji Italije.<\/span><\/p>\n<p class=\"null\" style=\"text-align: justify;\"><b><span style=\"font-family: 'Tahoma',sans-serif; color: #1a1a1a;\">Natje\u010daj <\/span><\/b><span style=\"font-family: 'Tahoma',sans-serif; color: #1a1a1a;\">i spisak <b>zemalja\/ostalih teritorija-korisnika <\/b>su dostupni na sljede\u0107oj stranici:\u00a0<a href=\"https:\/\/studyinitaly.esteri.it\/ListaBandi\" target=\"_BLANK\">https:\/\/studyinitaly.esteri.it\/ListaBandi<\/a>.<\/span><\/p>\n<p class=\"null\" style=\"text-align: justify;\"><span style=\"font-family: 'Tahoma',sans-serif; color: #1a1a1a;\">Kandidati mogu podnijeti zahtjev isklju\u010divo putem portala <a href=\"https:\/\/studyinitaly.esteri.it\/\" target=\"_BLANK\"><i>Study in Italy<\/i><\/a>.<\/span><\/p>\n<p class=\"null\" style=\"text-align: justify;\"><b><span style=\"font-family: 'Tahoma',sans-serif; color: #1a1a1a;\">Online-prijave <\/span><\/b><span style=\"font-family: 'Tahoma',sans-serif; color: #1a1a1a;\">trebaju biti dostavljene najkasnije <b>do 14:00h (italijansko vrijeme) 26. marta\/o\u017eujka 2026<\/b>.<\/span><\/p>\n<p class=\"null\" style=\"text-align: justify; background: white;\"><span style=\"font-family: 'Tahoma',sans-serif; color: #1a1a1a;\">\u00a0<\/span><\/p>\n","protected":false},"excerpt":{"rendered":"Ministarstvo vanjskih poslova i me\u0111unarodne saradnje (MAECI)\u00a0nudi stipendije u korist inostranih, i italijanskih studenata s prebivali\u0161tem u inostranstvu (IRE),\u00a0za\u00a0akademsku godinu 2026\/2027., s ciljem pospje\u0161ivanja saradnje u kulturnom, nau\u010dnom i tehnolo\u0161kom domenu, i promicanja ekonomskog sistema Italije u svijetu i difuzije poznavanja italijanskog jezika i kulture (sh. Zakonu 288\/55 i naknadnim izmjenama i dopunama). Stipendija pokriva [&hellip;]","protected":false},"author":9,"featured_media":0,"comment_status":"closed","ping_status":"closed","sticky":false,"template":"","format":"standard","meta":{"footnotes":""},"tags":[],"class_list":["post-7666","post","type-post","status-publish","format-standard","hentry"],"_links":{"self":[{"href":"https:\/\/ambsarajevo.esteri.it\/bs\/wp-json\/wp\/v2\/posts\/7666","targetHints":{"allow":["GET"]}}],"collection":[{"href":"https:\/\/ambsarajevo.esteri.it\/bs\/wp-json\/wp\/v2\/posts"}],"about":[{"href":"https:\/\/ambsarajevo.esteri.it\/bs\/wp-json\/wp\/v2\/types\/post"}],"author":[{"embeddable":true,"href":"https:\/\/ambsarajevo.esteri.it\/bs\/wp-json\/wp\/v2\/users\/9"}],"replies":[{"embeddable":true,"href":"https:\/\/ambsarajevo.esteri.it\/bs\/wp-json\/wp\/v2\/comments?post=7666"}],"version-history":[{"count":1,"href":"https:\/\/ambsarajevo.esteri.it\/bs\/wp-json\/wp\/v2\/posts\/7666\/revisions"}],"predecessor-version":[{"id":7667,"href":"https:\/\/ambsarajevo.esteri.it\/bs\/wp-json\/wp\/v2\/posts\/7666\/revisions\/7667"}],"wp:attachment":[{"href":"https:\/\/ambsarajevo.esteri.it\/bs\/wp-json\/wp\/v2\/media?parent=7666"}],"wp:term":[{"taxonomy":"post_tag","embeddable":true,"href":"https:\/\/ambsarajevo.esteri.it\/bs\/wp-json\/wp\/v2\/tags?post=7666"}],"curies":[{"name":"wp","href":"https:\/\/api.w.org\/{rel}","templated":true}]}}