{"id":7503,"date":"2026-02-21T16:20:18","date_gmt":"2026-02-21T14:20:18","guid":{"rendered":"https:\/\/ambsarajevo.esteri.it\/?p=7503"},"modified":"2026-02-21T16:21:22","modified_gmt":"2026-02-21T14:21:22","slug":"posjeta-ambasadorice-sarah-eti-castellani-banjoj-luci-18-19-februar","status":"publish","type":"post","link":"https:\/\/ambsarajevo.esteri.it\/bs\/news\/dall_ambasciata\/2026\/02\/posjeta-ambasadorice-sarah-eti-castellani-banjoj-luci-18-19-februar\/","title":{"rendered":"Posjeta ambasadorice Sarah Eti Castellani Banjoj Luci (18\u201319. februar)"},"content":{"rendered":"<p style=\"text-align: justify;\">Ambasadorica Castellani boravila je 18. i 19. februara u entitetu Republika Srpska radi serije politi\u010dkih susreta. Tokom dvodnevne posjete Banjoj Luci, ambasadorica se sastala sa srpskim \u010dlanom tro\u010dlanog Predsjedni\u0161tva Bosne i Hercegovine \u017deljkom Cvijanovi\u0107, predsjednikom Vlade entiteta Savom Mini\u0107em i predsjednikom Narodne skup\u0161tine entiteta Nenadom Stevandi\u0107em. Ambasadorica Castellani susrela se i sa gradona\u010delnikom Banje Luke i liderom pokreta \u201eSigurna Srpska\u201c Dra\u0161kom Stanivukovi\u0107em, predsjednikom Srpske demokratske stranke Brankom Blanu\u0161om te potpredsjednikom Partije demokratskog progresa Igorom Crnatkom.<\/p>\n<p style=\"text-align: justify;\">Tokom svih sastanaka, ambasadorica Castellani istakla je zna\u010dajno ekonomsko prisustvo Italije u Bosni i Hercegovini i u Republici Srpskoj, uz jednoglasno izra\u017eeno uva\u017eavanje prema na\u0161oj zemlji, utemeljeno na osje\u0107ajima iskrenog prijateljstva. Na institucionalnim sastancima u\u010desnici su bili saglasni o potrebi istra\u017eivanja novih oblasti bilateralne saradnje u ekonomskom i kulturnom domenu.<\/p>\n<p style=\"text-align: justify;\">Ambasadorica je ponovila italijansku podr\u0161ku suverenitetu i teritorijalnom integritetu Bosne i Hercegovine, uklju\u010duju\u0107i i Misiju EUFOR Althea, koja je trenutno pod italijanskom komandom, nagla\u0161avaju\u0107i pritom potrebu za konstruktivnim dijalogom zasnovanim na me\u0111usobnom po\u0161tovanju me\u0111u svim politi\u010dkim akterima. Uo\u010di izbora zakazanih za naredni oktobar, ambasadorica Castellani izrazila je nadu da politi\u010dka debata ne\u0107e ostaviti prostor agresivnoj i podjelama sklonoj retorici koja bi mogla destabilizirati zemlju.<\/p>\n<p style=\"text-align: justify;\">Ambasadorica Castellani je tako\u0111er izrazila o\u010dekivanje da \u0107e bez daljnjih odga\u0111anja biti usvojene reforme neophodne za nastavak procesa pristupanja Evropskoj uniji, koja ostaje najva\u017enija garancija stabilnosti i prosperiteta Bosne i Hercegovine. Na kraju, ambasadorica je izrazila nadu da \u0107e Bosna i Hercegovina uskoro finalizirati potrebne procedure kako bi mogla koristiti sredstva iz Plana rasta EU za Zapadni Balkan, koja mogu imati izuzetno pozitivan uticaj na \u017eivot gra\u0111ana, \u0161to potvr\u0111uju iskustva drugih zemalja regiona.<\/p>\n","protected":false},"excerpt":{"rendered":"Ambasadorica Castellani boravila je 18. i 19. februara u entitetu Republika Srpska radi serije politi\u010dkih susreta. Tokom dvodnevne posjete Banjoj Luci, ambasadorica se sastala sa srpskim \u010dlanom tro\u010dlanog Predsjedni\u0161tva Bosne i Hercegovine \u017deljkom Cvijanovi\u0107, predsjednikom Vlade entiteta Savom Mini\u0107em i predsjednikom Narodne skup\u0161tine entiteta Nenadom Stevandi\u0107em. Ambasadorica Castellani susrela se i sa gradona\u010delnikom Banje Luke [&hellip;]","protected":false},"author":9,"featured_media":0,"comment_status":"closed","ping_status":"closed","sticky":false,"template":"","format":"standard","meta":{"footnotes":""},"tags":[],"class_list":["post-7503","post","type-post","status-publish","format-standard","hentry"],"_links":{"self":[{"href":"https:\/\/ambsarajevo.esteri.it\/bs\/wp-json\/wp\/v2\/posts\/7503","targetHints":{"allow":["GET"]}}],"collection":[{"href":"https:\/\/ambsarajevo.esteri.it\/bs\/wp-json\/wp\/v2\/posts"}],"about":[{"href":"https:\/\/ambsarajevo.esteri.it\/bs\/wp-json\/wp\/v2\/types\/post"}],"author":[{"embeddable":true,"href":"https:\/\/ambsarajevo.esteri.it\/bs\/wp-json\/wp\/v2\/users\/9"}],"replies":[{"embeddable":true,"href":"https:\/\/ambsarajevo.esteri.it\/bs\/wp-json\/wp\/v2\/comments?post=7503"}],"version-history":[{"count":2,"href":"https:\/\/ambsarajevo.esteri.it\/bs\/wp-json\/wp\/v2\/posts\/7503\/revisions"}],"predecessor-version":[{"id":7508,"href":"https:\/\/ambsarajevo.esteri.it\/bs\/wp-json\/wp\/v2\/posts\/7503\/revisions\/7508"}],"wp:attachment":[{"href":"https:\/\/ambsarajevo.esteri.it\/bs\/wp-json\/wp\/v2\/media?parent=7503"}],"wp:term":[{"taxonomy":"post_tag","embeddable":true,"href":"https:\/\/ambsarajevo.esteri.it\/bs\/wp-json\/wp\/v2\/tags?post=7503"}],"curies":[{"name":"wp","href":"https:\/\/api.w.org\/{rel}","templated":true}]}}