{"id":7339,"date":"2026-02-05T15:47:32","date_gmt":"2026-02-05T13:47:32","guid":{"rendered":"https:\/\/ambsarajevo.esteri.it\/news\/dall_ambasciata\/2026\/02\/avviso-obavjestenje-notice\/"},"modified":"2026-02-05T15:48:10","modified_gmt":"2026-02-05T13:48:10","slug":"avviso-obavjestenje-notice","status":"publish","type":"post","link":"https:\/\/ambsarajevo.esteri.it\/bs\/news\/dall_ambasciata\/2026\/02\/avviso-obavjestenje-notice\/","title":{"rendered":"AVVISO\/ OBAVJE\u0160TENJE\/ NOTICE"},"content":{"rendered":"<p style=\"text-align: center;\"><strong>AVVISO<\/strong><\/p>\n<p style=\"text-align: center;\"><strong>Fermo operativo del sistema informatico VIS per la trattazione e emissione di visti d\u2019ingresso<\/strong><\/p>\n<p>&nbsp;<\/p>\n<p>Si informa che dalle <strong>ore 18:00<\/strong> del <strong>12 febbraio 2026<\/strong> fino alle <strong>ore 00:00<\/strong> del <strong>18 febbraio 2026<\/strong>, il sistema operativo VIS sar\u00e0 interessato da un fermo operativo temporaneo.<\/p>\n<p>Si tratta di un intervento tecnico programmato e urgente che comporter\u00e0 la momentanea sospensione delle attivit\u00e0 di ricezione e trattazione delle domande di visto, nonch\u00e9 quella di emissione di visti d\u2019ingresso. Tale sospensione riguarder\u00e0 l\u2019operativit\u00e0 l\u2019ufficio visti dell\u2019Ambasciata d\u2019Italia a Sarajevo.<\/p>\n<p>Si informa che, al fine di ridurre al massimo il disagio dell\u2019utenza, gli appuntamenti gi\u00e0 fissati saranno riprogrammati nei giorni immediatamente precedenti o successivi al periodo interessato dal fermo operativo, tenendo in debita considerazione le necessit\u00e0 prioritarie e i casi di urgenza.<\/p>\n<p>&nbsp;<\/p>\n<p style=\"text-align: center;\">\u00a0<strong>OBAVJE\u0160TENJE<\/strong><\/p>\n<p style=\"text-align: center;\"><strong>Operativni zastoj informati\u010dkog sistema VIS <\/strong><strong>za obradu i izdavanje ulaznih viza<\/strong><\/p>\n<p>&nbsp;<\/p>\n<p>Obavje\u0161tava se da \u0107e <strong>od 12. februara 2026. godine u 18:00 sati do 18. februara 2026. godine u 00:00 sati<\/strong> operativni sistem VIS biti privremeno van funkcije zbog privremenog operativnog zastoja.<\/p>\n<p>Rije\u010d je o planiranom i hitnom tehni\u010dkom zahvatu koji \u0107e dovesti do privremene obustave prijema i obrade zahtjeva za vizu, kao i izdavanja ulaznih viza. Ova obustava odnosi\u0107e se na rad Viznog odjela Ambasade Italije u Sarajevu.<\/p>\n<p>Obavje\u0161tava se da \u0107e, s ciljem da se neugodnosti za korisnike svedu na minimum, ve\u0107 zakazani termini biti ponovo raspore\u0111eni u dane neposredno prije ili nakon perioda operativnog zastoja, uz du\u017eno uva\u017eavanje prioritetnih potreba i hitnih slu\u010dajeva.<\/p>\n<p>&nbsp;<\/p>\n<p style=\"text-align: center;\"><strong>NOTICE<\/strong><\/p>\n<p style=\"text-align: center;\"><strong>Operational suspension of the VIS IT system for the processing and issuance of entry visas<\/strong><\/p>\n<p><strong>\u00a0<\/strong><\/p>\n<p>It is hereby informed that <strong>from 6:00 p.m. on 12 February 2026 until 12:00 a.m. on 18 February 2026<\/strong>, the VIS operational system will be subject to a temporary operational shutdown.<\/p>\n<p>This is a planned and urgent technical intervention which will result in the temporary suspension of the reception and processing of visa applications, as well as the issuance of entry visas. This suspension will affect the operations of the Visa Office of the Embassy of Italy in Sarajevo.<\/p>\n<p>It is further informed that, in order to minimize inconvenience to users, appointments already scheduled will be rescheduled to the days immediately before or after the period affected by the operational shutdown, taking due account of priority needs and urgent cases.<\/p>\n<p><strong>\u00a0<\/strong><\/p>\n","protected":false},"excerpt":{"rendered":"AVVISO Fermo operativo del sistema informatico VIS per la trattazione e emissione di visti d\u2019ingresso &nbsp; Si informa che dalle ore 18:00 del 12 febbraio 2026 fino alle ore 00:00 del 18 febbraio 2026, il sistema operativo VIS sar\u00e0 interessato da un fermo operativo temporaneo. Si tratta di un intervento tecnico programmato e urgente che [&hellip;]","protected":false},"author":5,"featured_media":0,"comment_status":"closed","ping_status":"closed","sticky":false,"template":"","format":"standard","meta":{"footnotes":""},"tags":[],"class_list":["post-7339","post","type-post","status-publish","format-standard","hentry"],"_links":{"self":[{"href":"https:\/\/ambsarajevo.esteri.it\/bs\/wp-json\/wp\/v2\/posts\/7339","targetHints":{"allow":["GET"]}}],"collection":[{"href":"https:\/\/ambsarajevo.esteri.it\/bs\/wp-json\/wp\/v2\/posts"}],"about":[{"href":"https:\/\/ambsarajevo.esteri.it\/bs\/wp-json\/wp\/v2\/types\/post"}],"author":[{"embeddable":true,"href":"https:\/\/ambsarajevo.esteri.it\/bs\/wp-json\/wp\/v2\/users\/5"}],"replies":[{"embeddable":true,"href":"https:\/\/ambsarajevo.esteri.it\/bs\/wp-json\/wp\/v2\/comments?post=7339"}],"version-history":[{"count":2,"href":"https:\/\/ambsarajevo.esteri.it\/bs\/wp-json\/wp\/v2\/posts\/7339\/revisions"}],"predecessor-version":[{"id":7345,"href":"https:\/\/ambsarajevo.esteri.it\/bs\/wp-json\/wp\/v2\/posts\/7339\/revisions\/7345"}],"wp:attachment":[{"href":"https:\/\/ambsarajevo.esteri.it\/bs\/wp-json\/wp\/v2\/media?parent=7339"}],"wp:term":[{"taxonomy":"post_tag","embeddable":true,"href":"https:\/\/ambsarajevo.esteri.it\/bs\/wp-json\/wp\/v2\/tags?post=7339"}],"curies":[{"name":"wp","href":"https:\/\/api.w.org\/{rel}","templated":true}]}}