{"id":7323,"date":"2026-01-29T10:09:37","date_gmt":"2026-01-29T08:09:37","guid":{"rendered":"https:\/\/ambsarajevo.esteri.it\/?p=7323"},"modified":"2026-01-29T10:10:53","modified_gmt":"2026-01-29T08:10:53","slug":"olimpijske-igre-milano-cortina-2026-konferencija-za-medije-povodom-predstavljanja-olimpijskog-tima-pri-olimpijskom-komitetu-bosne-i-hercegovine","status":"publish","type":"post","link":"https:\/\/ambsarajevo.esteri.it\/bs\/news\/dall_ambasciata\/2026\/01\/olimpijske-igre-milano-cortina-2026-konferencija-za-medije-povodom-predstavljanja-olimpijskog-tima-pri-olimpijskom-komitetu-bosne-i-hercegovine\/","title":{"rendered":"Olimpijske igre Milano\u2013Cortina 2026: konferencija za medije povodom predstavljanja olimpijskog tima pri Olimpijskom komitetu Bosne i Hercegovine"},"content":{"rendered":"<p style=\"text-align: center;\"><strong>Olimpijske igre Milano\u2013Cortina 2026: konferencija za medije povodom predstavljanja olimpijskog tima pri Olimpijskom komitetu Bosne i Hercegovine<\/strong><\/p>\n<p>Ambasadorica Italije u Sarajevu, Sarah Eti Castellani, danas je u sjedi\u0161tu Olimpijskog komiteta Bosne i Hercegovine prisustvovala zvani\u010dnom predstavljanju olimpijskog tima koji \u0107e predstavljati Bosnu i Hercegovinu na Zimskim olimpijskim igrama Milano\u2013Cortina 2026. Doga\u0111aju su, pored sportista koji uskoro putuju u Italiju, prisustvovali predsjednik Olimpijskog komiteta Izet Ra\u0111o i generalni sekretar Said Fazlagi\u0107.<\/p>\n<p>Kako je istakao predsjednik Ra\u0111o, \u201e\u017delimo naglasiti snagu, hrabrost i talenat na\u0161ih olimpijaca, koji redovno uspijevaju predstavljati na\u0161u zemlju na Olimpijskim igrama, zimskim i ljetnim, rame uz rame sa dr\u017eavama koje raspola\u017eu neuporedivo ve\u0107im bud\u017eetima. Ipak, njihova posve\u0107enost i veliko srce omogu\u0107avaju im da na\u0161u zemlju predstave na najbolji mogu\u0107i na\u010din.\u201c Generalni sekretar Fazlagi\u0107 najavio je da \u0107e nosioci zastave Bosne i Hercegovine na ceremoniji otvaranja biti dvoje skija\u0161a, Elvedina Muzaferija i Marko \u0160ljivi\u0107.<\/p>\n<p>Ambasadorica Castellani predstavila je brojke koje ove Igre \u010dine doga\u0111ajem globalnih razmjera: 16 olimpijskih i 6 paraolimpijskih disciplina u 18 gradova doma\u0107ina, \u0161to \u0107e ih u\u010diniti teritorijalno najrasprostranjenijim Olimpijskim igrama do sada; vi\u0161e od 3.500 sportista iz preko 90 zemalja, 304 takmi\u010denja, 195 medalja i 18.000 volontera; 1,4 miliona ulaznica, od kojih je veliki dio ve\u0107 prodat, te o\u010dekivana globalna publika od gotovo tri milijarde ljudi.<\/p>\n<p>Ambasadorica je zatim podijelila i nekoliko zanimljivosti o dvjema maskotama Igara, o olimpijskoj baklji i njenom putovanju kroz najljep\u0161a mjesta Italije, osvrnuv\u0161i se i na naslije\u0111e Igara u smislu infrastrukturnih ulaganja. Posebno je istakla zna\u010daj Rezolucije o Olimpijskom primirju, koju je usvojila Generalna skup\u0161tina Ujedinjenih nacija, na tekst Vlade Italije u koordinaciji s Me\u0111unarodnim olimpijskim komitetom i Fondacijom Milano\u2013Cortina.<\/p>\n<p>\u201eMilano\u2013Cortina 2026 ne pripada samo Italiji, ve\u0107 svima koji vjeruju u sport kao sredstvo dijaloga, po\u0161tovanja i nade. Pozivam gra\u0111ane Bosne i Hercegovine da prate Igre i podr\u017ee svoje sportiste u ovom velikom globalnom doga\u0111aju\u201c, zaklju\u010dila je ambasadorica Castellani. \u201eDuboko smo dirnuti i nadamo se da \u0107emo, po zavr\u0161etku Igara, biti ponosni na Italiju barem onoliko koliko ste vi i danas, vi\u0161e od \u010detrdeset godina kasnije, ponosni na Zimske olimpijske igre u Sarajevu \u2013 jedne od najnezaboravnijih u istoriji.\u201c<\/p>\n<p>&nbsp;<\/p>\n","protected":false},"excerpt":{"rendered":"Olimpijske igre Milano\u2013Cortina 2026: konferencija za medije povodom predstavljanja olimpijskog tima pri Olimpijskom komitetu Bosne i Hercegovine Ambasadorica Italije u Sarajevu, Sarah Eti Castellani, danas je u sjedi\u0161tu Olimpijskog komiteta Bosne i Hercegovine prisustvovala zvani\u010dnom predstavljanju olimpijskog tima koji \u0107e predstavljati Bosnu i Hercegovinu na Zimskim olimpijskim igrama Milano\u2013Cortina 2026. Doga\u0111aju su, pored sportista koji [&hellip;]","protected":false},"author":5,"featured_media":7316,"comment_status":"closed","ping_status":"closed","sticky":false,"template":"","format":"standard","meta":{"footnotes":""},"tags":[],"class_list":["post-7323","post","type-post","status-publish","format-standard","has-post-thumbnail","hentry"],"_links":{"self":[{"href":"https:\/\/ambsarajevo.esteri.it\/bs\/wp-json\/wp\/v2\/posts\/7323","targetHints":{"allow":["GET"]}}],"collection":[{"href":"https:\/\/ambsarajevo.esteri.it\/bs\/wp-json\/wp\/v2\/posts"}],"about":[{"href":"https:\/\/ambsarajevo.esteri.it\/bs\/wp-json\/wp\/v2\/types\/post"}],"author":[{"embeddable":true,"href":"https:\/\/ambsarajevo.esteri.it\/bs\/wp-json\/wp\/v2\/users\/5"}],"replies":[{"embeddable":true,"href":"https:\/\/ambsarajevo.esteri.it\/bs\/wp-json\/wp\/v2\/comments?post=7323"}],"version-history":[{"count":1,"href":"https:\/\/ambsarajevo.esteri.it\/bs\/wp-json\/wp\/v2\/posts\/7323\/revisions"}],"predecessor-version":[{"id":7325,"href":"https:\/\/ambsarajevo.esteri.it\/bs\/wp-json\/wp\/v2\/posts\/7323\/revisions\/7325"}],"wp:featuredmedia":[{"embeddable":true,"href":"https:\/\/ambsarajevo.esteri.it\/bs\/wp-json\/wp\/v2\/media\/7316"}],"wp:attachment":[{"href":"https:\/\/ambsarajevo.esteri.it\/bs\/wp-json\/wp\/v2\/media?parent=7323"}],"wp:term":[{"taxonomy":"post_tag","embeddable":true,"href":"https:\/\/ambsarajevo.esteri.it\/bs\/wp-json\/wp\/v2\/tags?post=7323"}],"curies":[{"name":"wp","href":"https:\/\/api.w.org\/{rel}","templated":true}]}}