{"id":7166,"date":"2026-01-02T16:17:29","date_gmt":"2026-01-02T14:17:29","guid":{"rendered":"https:\/\/ambsarajevo.esteri.it\/?p=7166"},"modified":"2026-01-02T16:22:27","modified_gmt":"2026-01-02T14:22:27","slug":"7166","status":"publish","type":"post","link":"https:\/\/ambsarajevo.esteri.it\/bs\/news\/dall_ambasciata\/2026\/01\/7166\/","title":{"rendered":"Izjave o sticanju dr\u017eavljanstva po osnovu zakona. Izmjena propisa."},"content":{"rendered":"<p style=\"text-align: justify;\">Zakonom o prora\u010dunu za 2026. od 30. decembra \u00a02025. izmijenjeni su propisi u vezi sa sticanjem dr\u017eavljanstva na osnovu zakona za maloljetna \u00a0lica \u00a0ro\u0111ena u inostranstvu koji su djeca dr\u017eavljana po ro\u0111enju.<\/p>\n<p style=\"text-align: justify;\">Za vi\u0161e informacija kliknite <a href=\"https:\/\/ambsarajevo.esteri.it\/bs\/servizi-consolari-e-visti\/servizi-per-il-cittadino-straniero\/cittadinanza\/sticanje-drzavljanstva-na-osnovu-zakona-maloljetna-djeca-rodena-u-inostranstvu\/\">ovdje<\/a>.<\/p>\n","protected":false},"excerpt":{"rendered":"Zakonom o prora\u010dunu za 2026. od 30. decembra \u00a02025. izmijenjeni su propisi u vezi sa sticanjem dr\u017eavljanstva na osnovu zakona za maloljetna \u00a0lica \u00a0ro\u0111ena u inostranstvu koji su djeca dr\u017eavljana po ro\u0111enju. Za vi\u0161e informacija kliknite ovdje.","protected":false},"author":9,"featured_media":0,"comment_status":"closed","ping_status":"closed","sticky":false,"template":"","format":"standard","meta":{"footnotes":""},"tags":[12,14],"class_list":["post-7166","post","type-post","status-publish","format-standard","hentry","tag-italiani-nel-mondo","tag-politica-estera"],"_links":{"self":[{"href":"https:\/\/ambsarajevo.esteri.it\/bs\/wp-json\/wp\/v2\/posts\/7166","targetHints":{"allow":["GET"]}}],"collection":[{"href":"https:\/\/ambsarajevo.esteri.it\/bs\/wp-json\/wp\/v2\/posts"}],"about":[{"href":"https:\/\/ambsarajevo.esteri.it\/bs\/wp-json\/wp\/v2\/types\/post"}],"author":[{"embeddable":true,"href":"https:\/\/ambsarajevo.esteri.it\/bs\/wp-json\/wp\/v2\/users\/9"}],"replies":[{"embeddable":true,"href":"https:\/\/ambsarajevo.esteri.it\/bs\/wp-json\/wp\/v2\/comments?post=7166"}],"version-history":[{"count":2,"href":"https:\/\/ambsarajevo.esteri.it\/bs\/wp-json\/wp\/v2\/posts\/7166\/revisions"}],"predecessor-version":[{"id":7171,"href":"https:\/\/ambsarajevo.esteri.it\/bs\/wp-json\/wp\/v2\/posts\/7166\/revisions\/7171"}],"wp:attachment":[{"href":"https:\/\/ambsarajevo.esteri.it\/bs\/wp-json\/wp\/v2\/media?parent=7166"}],"wp:term":[{"taxonomy":"post_tag","embeddable":true,"href":"https:\/\/ambsarajevo.esteri.it\/bs\/wp-json\/wp\/v2\/tags?post=7166"}],"curies":[{"name":"wp","href":"https:\/\/api.w.org\/{rel}","templated":true}]}}