{"id":6327,"date":"2025-07-23T16:38:30","date_gmt":"2025-07-23T14:38:30","guid":{"rendered":"https:\/\/ambsarajevo.esteri.it\/?p=6327"},"modified":"2025-07-29T15:52:51","modified_gmt":"2025-07-29T13:52:51","slug":"objavljen-poziv-za-balkan-2025-za-privatne-subjekte-i-organizacije-civilnog-drustva-prijave-su-moguce-do-30-septembra","status":"publish","type":"post","link":"https:\/\/ambsarajevo.esteri.it\/bs\/news\/dall_ambasciata\/2025\/07\/objavljen-poziv-za-balkan-2025-za-privatne-subjekte-i-organizacije-civilnog-drustva-prijave-su-moguce-do-30-septembra\/","title":{"rendered":"Objavljen \u201cPoziv za Balkan\u201d 2025 za privatne subjekte i organizacije civilnog dru\u0161tva. Prijave su mogu\u0107e do 30 Septembra"},"content":{"rendered":"<p style=\"text-align: justify;\">Italijansko Ministarstvo vanjskih poslova i me\u0111unarodne saradnje (Generalna direkcija za Evropu i me\u0111unarodnu trgovinsku politiku \u2013 DGUE) objavilo je javni poziv (\u201cPoziv za Balkan\u201d) za projekte \u010diji je cilj omogu\u0107iti italijansko u\u010de\u0161\u0107e u humanitarnim inicijativama, inicijativama mira i sigurnosti na me\u0111unarodnom nivou, te za\u0161titi ljudskih prava.<\/p>\n<p style=\"text-align: justify;\">Sredstva se dodjeljuju prijedlozima inicijativa koje imaju za cilj djelovanje u sljede\u0107im tematskim oblastima, na podru\u010dju Zapadnog Balkana (Albanija, Bosna i Hercegovina, Kosovo, Sjeverna Makedonija, Crna Gora, Srbija):<\/p>\n<ol style=\"text-align: justify;\">\n<li>u\u010dvr\u0161\u0107ivanje demokratskih institucija i podr\u0161ka procesima nacionalnog i regionalnog pomirenja, ja\u010danje procesa pristupanja zemalja Zapadnog Balkana Evropskoj uniji i promocija evropskih integracija, prevencija terorizma i ekstremizma, reforma pravosudnog sektora i izbornih sistema, transparentnost i borba protiv korupcije i organizovanog kriminala;<\/li>\n<li>uklju\u010divanje i osna\u017eivanje mladih generacija, \u017eena i nacionalnih manjina u procese regionalnog pomirenja i evropskih integracija;<\/li>\n<li>ja\u010danje za\u0161tite i promocije ljudskih prava;<\/li>\n<li>promocija \u0161irenja i po\u0161tivanja me\u0111unarodnog i humanitarnog prava.<\/li>\n<\/ol>\n<p style=\"text-align: justify;\">Predlo\u017eene inicijative mogu imati bilateralni ili regionalni karakter.<\/p>\n<p style=\"text-align: justify;\">Raspolo\u017eivi bud\u017eet iznosi <strong>240.000 eura<\/strong>. Svaki odabrani prijedlog mo\u017ee dobiti doprinos koji ne prelazi 90% ukupnih tro\u0161kova potrebnih za realizaciju predlo\u017eenih aktivnosti, i to u maksimalnom iznosu do <strong>30.000 eura<\/strong>.<\/p>\n<p style=\"text-align: justify;\">Svaka inicijativa koja dobije sredstva u skladu s ovim Pozivom mora imati maksimalno trajanje od 12 mjeseci, ra\u010dunaju\u0107i od datuma potvrde prihvatanja iz \u010dlana 9, stav 4, uz mogu\u0107nost da korisnik sredstava, iz jasno obrazlo\u017eenih i opravdanih razloga, zatra\u017ei produ\u017eenje roka za realizaciju projektnih aktivnosti.<\/p>\n<p style=\"text-align: justify;\">Podno\u0161enje prijedloga od strane privatnih subjekata koji imaju sjedi\u0161te u Italiji ili nekoj drugoj zemlji Evropske unije vr\u0161i se isklju\u010divo putem elektronske po\u0161te s potvrdom prijema (certificata) na adresu <a href=\"mailto:dgue.adriatico-balcani@cert.esteri.it\">dgue.adriatico-balcani@cert.esteri.it<\/a> , uz istovremenu kopiju na <a href=\"mailto:bandobalcani@esteri.it\">bandobalcani@esteri.it<\/a> . E-mail za slanje prijave mora u predmetu sadr\u017eavati oznaku \u201eRIF. Bando Balcani 2025\u201c i naziv predlaga\u010da.<\/p>\n<p style=\"text-align: justify;\"><strong>Za subjekte koji imaju sjedi\u0161te u zemlji izvan Evropske unije, prijava se podnosi isklju\u010divo putem nadle\u017ene teritorijalno italijanske diplomatske misije. <\/strong><\/p>\n<p style=\"text-align: justify;\">Krajnji rok za podno\u0161enje prijave je <strong>do 12:00 sati, 30. septembra 2025. godine, po vremenu u Rimu.<\/strong><\/p>\n<p style=\"text-align: justify;\">Svi detalji dostupni su u pozivu i pripadaju\u0107im prilozima, koje se preporu\u010duje pa\u017eljivo pro\u010ditati.<\/p>\n","protected":false},"excerpt":{"rendered":"Italijansko Ministarstvo vanjskih poslova i me\u0111unarodne saradnje (Generalna direkcija za Evropu i me\u0111unarodnu trgovinsku politiku \u2013 DGUE) objavilo je javni poziv (\u201cPoziv za Balkan\u201d) za projekte \u010diji je cilj omogu\u0107iti italijansko u\u010de\u0161\u0107e u humanitarnim inicijativama, inicijativama mira i sigurnosti na me\u0111unarodnom nivou, te za\u0161titi ljudskih prava. Sredstva se dodjeljuju prijedlozima inicijativa koje imaju za cilj [&hellip;]","protected":false},"author":9,"featured_media":6323,"comment_status":"closed","ping_status":"closed","sticky":false,"template":"","format":"standard","meta":{"footnotes":""},"tags":[10,14,15],"class_list":["post-6327","post","type-post","status-publish","format-standard","has-post-thumbnail","hentry","tag-diritti-umani","tag-politica-estera","tag-unione-europea"],"_links":{"self":[{"href":"https:\/\/ambsarajevo.esteri.it\/bs\/wp-json\/wp\/v2\/posts\/6327","targetHints":{"allow":["GET"]}}],"collection":[{"href":"https:\/\/ambsarajevo.esteri.it\/bs\/wp-json\/wp\/v2\/posts"}],"about":[{"href":"https:\/\/ambsarajevo.esteri.it\/bs\/wp-json\/wp\/v2\/types\/post"}],"author":[{"embeddable":true,"href":"https:\/\/ambsarajevo.esteri.it\/bs\/wp-json\/wp\/v2\/users\/9"}],"replies":[{"embeddable":true,"href":"https:\/\/ambsarajevo.esteri.it\/bs\/wp-json\/wp\/v2\/comments?post=6327"}],"version-history":[{"count":2,"href":"https:\/\/ambsarajevo.esteri.it\/bs\/wp-json\/wp\/v2\/posts\/6327\/revisions"}],"predecessor-version":[{"id":6332,"href":"https:\/\/ambsarajevo.esteri.it\/bs\/wp-json\/wp\/v2\/posts\/6327\/revisions\/6332"}],"wp:featuredmedia":[{"embeddable":true,"href":"https:\/\/ambsarajevo.esteri.it\/bs\/wp-json\/wp\/v2\/media\/6323"}],"wp:attachment":[{"href":"https:\/\/ambsarajevo.esteri.it\/bs\/wp-json\/wp\/v2\/media?parent=6327"}],"wp:term":[{"taxonomy":"post_tag","embeddable":true,"href":"https:\/\/ambsarajevo.esteri.it\/bs\/wp-json\/wp\/v2\/tags?post=6327"}],"curies":[{"name":"wp","href":"https:\/\/api.w.org\/{rel}","templated":true}]}}