{"id":1973,"date":"2018-05-16T11:12:25","date_gmt":"2018-05-16T09:12:25","guid":{"rendered":"https:\/\/ambsarajevo.esteri.it\/news\/dall_ambasciata\/2018\/05\/le-arti-visive-italiane-a-sarajevo-2\/"},"modified":"2018-05-16T11:12:25","modified_gmt":"2018-05-16T09:12:25","slug":"le-arti-visive-italiane-a-sarajevo-2","status":"publish","type":"post","link":"https:\/\/ambsarajevo.esteri.it\/bs\/news\/dall_ambasciata\/2018\/05\/le-arti-visive-italiane-a-sarajevo-2\/","title":{"rendered":"ITALIJANSKA VIZUELNA UMJETNOST U ISTO\u010cNOM SARAJEVU"},"content":{"rendered":"<p style=\"text-align: center;\"><strong>OBAVJE\u0160TENJE ZA \u0160TAMPU<\/strong><\/p>\n<p style=\"text-align: center;\"><strong>ITALIJANSKA VIZUELNA UMJETNOST U ISTO\u010cNOM SARAJEVU<\/strong><\/p>\n<p style=\"text-align: justify;\">Sarajevo, 9 maj 2018. Ambasada Italije u Sarajevu ima \u010dast obavijestiti da 18. i 21. maja pokre\u0107emo novi projekat u Isto\u010dnom Sarajevu pod nazivom \u201cMostre Viaggianti\u201d (Putuju\u0107e izlo\u017ebe), koji \u0107e u ve\u0107inu gradova Bosne i Hercegovine donijeti \u010ditav niz aktivnosti i izlo\u017ebi, na razne teme, od evropskih integracija do italijanske grafi\u010dke umjetnosti i stripa.<\/p>\n<p style=\"text-align: justify;\">Prvi doga\u0111aj je u petak, 18. maja u 15:00 sati na Filozofskom fakultetu Univerziteta u Isto\u010dnom Sarajevu, na Palama, gdje \u0107e biti otvorena izlo\u017eba \u201cProslava 60. godi\u0161njice rimskih ugovora\u201d, \u010dijih 14 panela prezentuje istorija i \u010din potpisivanja Ugovora kojim je oformljena Evropska Zajednica 1957. godine. Ova tema je veoma zna\u010dajna u svjetlu puta ove zemlje ka evropskim integracijama, a posebno nakon usvajanja nove Strategije za Balkan od strane Evropske Komisije u februaru ove godine, uz koju je slijedila posjeta Bosni i Hercegovini Predsjednika Junckera. S tim u vezi, otvaranju izlo\u017ebe \u0107e prethoditi debata sa studentima Univerziteta, koja po\u010dinje u 14:00 sati, u toku koje \u0107e govoriti ambasador Minasi i odgovarati na pitanja studenata o va\u017enosti, ulozi i integraciji Balkana u evropski kontekst.<\/p>\n<p style=\"text-align: justify;\">U ponedeljak, 21. maja u Centru za Kulturu Isto\u010dnog Novog Sarajeva, u Lukavici, u 18:00 sati \u0107e biti otvorena izlo\u017eba italijanskog stripa, realizirana u saradnji sa Mre\u017eom za izgradnju mira i gospodinom Goranom Bubalom, na kojoj \u0107e biti izlo\u017eeni neki od najpoznatijih crte\u017ea stripa Alan Ford, kojeg su stvorili Max Bunker (Luciano Secchi) i crta\u010d Magnus (Roberto Raviola) daleke 1969. godine. Svijet Alana Forda finom satirom opisuje istoriju italijanskog dru\u0161tva od kraja 60-tih godina do danas, a ovaj strip je postigao izuzetan uspjeh u Bosni i Hercegovini, gdje je godinama prevo\u0111en. U skladu sa \u201cputuju\u0107om\u201d prirodom ove izlo\u017ebe, 8. juna iz Lukavice Alan Ford se seli u Kulturno-sportski Centar na Palama, gdje \u0107e izlo\u017eba biti otvorena do kraja juna.<\/p>\n<p style=\"text-align: justify;\"><img loading=\"lazy\" decoding=\"async\" src=\"resource\/img\/2018\/05\/60_anni_tr._roma.jpg\" alt=\"60 anni tr. roma\" width=\"383\" height=\"261\" \/>\u00a0\u00a0\u00a0 <img loading=\"lazy\" decoding=\"async\" src=\"resource\/img\/2018\/05\/alan_ford_pale.jpg\" alt=\"alan ford pale\" width=\"326\" height=\"401\" \/><\/p>\n","protected":false},"excerpt":{"rendered":"OBAVJE\u0160TENJE ZA \u0160TAMPU ITALIJANSKA VIZUELNA UMJETNOST U ISTO\u010cNOM SARAJEVU Sarajevo, 9 maj 2018. Ambasada Italije u Sarajevu ima \u010dast obavijestiti da 18. i 21. maja pokre\u0107emo novi projekat u Isto\u010dnom Sarajevu pod nazivom \u201cMostre Viaggianti\u201d (Putuju\u0107e izlo\u017ebe), koji \u0107e u ve\u0107inu gradova Bosne i Hercegovine donijeti \u010ditav niz aktivnosti i izlo\u017ebi, na razne teme, od [&hellip;]","protected":false},"author":1,"featured_media":0,"comment_status":"","ping_status":"","sticky":false,"template":"","format":"standard","meta":{"footnotes":""},"tags":[],"class_list":["post-1973","post","type-post","status-publish","format-standard","hentry"],"_links":{"self":[{"href":"https:\/\/ambsarajevo.esteri.it\/bs\/wp-json\/wp\/v2\/posts\/1973","targetHints":{"allow":["GET"]}}],"collection":[{"href":"https:\/\/ambsarajevo.esteri.it\/bs\/wp-json\/wp\/v2\/posts"}],"about":[{"href":"https:\/\/ambsarajevo.esteri.it\/bs\/wp-json\/wp\/v2\/types\/post"}],"author":[{"embeddable":true,"href":"https:\/\/ambsarajevo.esteri.it\/bs\/wp-json\/wp\/v2\/users\/1"}],"replies":[{"embeddable":true,"href":"https:\/\/ambsarajevo.esteri.it\/bs\/wp-json\/wp\/v2\/comments?post=1973"}],"version-history":[{"count":0,"href":"https:\/\/ambsarajevo.esteri.it\/bs\/wp-json\/wp\/v2\/posts\/1973\/revisions"}],"wp:attachment":[{"href":"https:\/\/ambsarajevo.esteri.it\/bs\/wp-json\/wp\/v2\/media?parent=1973"}],"wp:term":[{"taxonomy":"post_tag","embeddable":true,"href":"https:\/\/ambsarajevo.esteri.it\/bs\/wp-json\/wp\/v2\/tags?post=1973"}],"curies":[{"name":"wp","href":"https:\/\/api.w.org\/{rel}","templated":true}]}}