{"id":1579,"date":"2020-12-07T12:05:25","date_gmt":"2020-12-07T10:05:25","guid":{"rendered":"https:\/\/ambsarajevo.esteri.it\/news\/dall_ambasciata\/2020\/12\/venticinque-anni-dopo-accordi-di-2\/"},"modified":"2020-12-07T12:05:25","modified_gmt":"2020-12-07T10:05:25","slug":"venticinque-anni-dopo-accordi-di-2","status":"publish","type":"post","link":"https:\/\/ambsarajevo.esteri.it\/bs\/news\/dall_ambasciata\/2020\/12\/venticinque-anni-dopo-accordi-di-2\/","title":{"rendered":"Twenty Five Years Later: Dayton Agreement and the European Pathway of Bosnia and Herzegovina"},"content":{"rendered":"<p>Konferenciju sada mo\u017eete pogledati na Facebook stranici italijanske ambasade u Sarajevu, ItalyinBiH (<a href=\"https:\/\/www.facebook.com\/ItalyinBiH\/videos\/146258930331098\">https:\/\/www.facebook.com\/ItalyinBiH\/videos\/146258930331098<\/a>).<\/p>\n<p>The Conference is now available on the Facebook page of the Italian Embassy in Sarajevo, ItalyinBiH (<a href=\"https:\/\/www.facebook.com\/ItalyinBiH\/videos\/146258930331098\">https:\/\/www.facebook.com\/ItalyinBiH\/videos\/146258930331098<\/a>).<\/p>\n<p>\u00a0<\/p>\n<p>(English version below)<\/p>\n<p>\u00a0<\/p>\n<p>Ministarstvo vanjskih poslova Italije, putem ambasade u Bosni i Hercegovini, organizira me\u0111unarodnu internet konferenciju na temu \u201eTwenty Five Years Later: Dayton Agreement and the European Pathway of Bosnia and Herzegovina\u201d, koja \u0107e se odr\u017eati 18. decembra od 15:00 do 18:30 sa streamingom putem interneta na Facebook stranici ambasade: <a href=\"https:\/\/www.facebook.com\/ItalyinBiH\/\">ItalyinBiH<\/a>.<\/p>\n<p>Uvodni\u010dari \u0107e biti italijanski ministar vanjskih poslova Luigi Di Maio, ministrica vanjskih poslova BiH Bisera Turkovi\u0107, povjerenik EU za pro\u0161irenje Oliver Varhelyi i povjerenica Vije\u0107a Evrope za ljudska prava Dunja Mijatovi\u0107.<\/p>\n<p>Konferencija \u0107e obuhvatiti dvije sesije i fokusirat \u0107e se na dva glavna podru\u010dja koja su trenutno od interesa: koje je porijeklo i opseg koncepta \u201ekonstitutivnih naroda\u201c koji se nalazi u Daytonskom sporazumu? Kako taj koncept mo\u017ee stupiti u interakciju sa pravima EU kako bi se osiguralo da se prava gra\u0111ana jednako po\u0161tuju i da BiH mo\u017ee postati efikasan, uspje\u0161an \u010dlan EU porodice?<\/p>\n<p>Svi panelisti dolaze iz razli\u010ditih akademskih sredina iz BiH, regije Balkana i ostatka Evrope i podijelit \u0107e uvide iz svog podru\u010dja stru\u010dnosti.<\/p>\n<p>U\u010destvuju:<\/p>\n<p>Mitja \u017dagar, Institute for Ethnic Studies, Ljubljana<\/p>\n<p>Joseph Marko, University of Graz<\/p>\n<p>Maja Sahad\u017ei\u0107, University of Antwerp<\/p>\n<p>Goran Markovi\u0107, University of East Sarajevo<\/p>\n<p>Petra Roter, University of Ljubljana<\/p>\n<p>Fikret \u010cau\u0161evi\u0107, University of Sarajevo<\/p>\n<p>Jens Woelk, University of Trento<\/p>\n<p>Asim Mujki\u0107, University of Sarajevo<\/p>\n<p>Senada \u0160elo \u0160abi\u0107 \u2013 IRMO, Zagreb<\/p>\n<p>Tatjana Sekuli\u0107, University of Milano-Bicocca<\/p>\n<p>Amb. Johann Sattler \u2013 EU Special Representative in Bosnia and Herzegovina<\/p>\n<p>Amb. Edin Dilberovi\u0107 \u2013 Director of the Directorate for EU Integration, Bosnia and Herzegovina<\/p>\n<p>Amb. Nicola Minasi \u2013 Ambassador of Italy in Bosnia and Herzegovina<\/p>\n<p>\u00a0<\/p>\n<p>Nathalie Tocci iz Instituta za me\u0111unarodne poslove &#8211; IAI moderirat \u0107e konferencijom.<\/p>\n<p>\u00a0<\/p>\n<p>Pitanja \u0107e se mo\u0107i postavljati tokom konferencije, a internetska publika je pozvana da prati i u\u010destvuje.<\/p>\n<p>\u00a0<\/p>\n<p>\u00a0<\/p>\n<p style=\"text-align: justify;\">The Ministry of Foreign Affairs of Italy, through its Embassy Bosnia and Herzegovina, is organizing an international online conference on \u201cTwenty Five Years Later: Dayton Agreement and the European Pathway of Bosnia and Herzegovina\u201d, which will take place on the 18th of December from 15:00 to 18:30 with online streaming on the Facebook page of the Embassy, at <a href=\"https:\/\/www.facebook.com\/ItalyinBiH\/\">ItalyinBiH<\/a>.<\/p>\n<p style=\"text-align: justify;\">Italian Foreign Minister Luigi Di Maio, BiH Foreign Minister Bisera Turkovi\u0107, EU Enlargement Commissioner Oliv\u00e9r V\u00e1rhelyi and Council of Europe Commissioner for Human Rights Dunja Mijatovi\u0107 will give introductory remarks.<\/p>\n<p style=\"text-align: justify;\">The proceedings will cover two sessions and will focus on two main areas of current interest, namely: what are the origins and scope of the concept of \u201cconstituent peoples\u201d found in the Dayton agreement? How can that concept interact with EU law to make sure that citizens&#8217; rights and equally are respected and that BiH can become an effective, successful member of the EU family?<\/p>\n<p style=\"text-align: justify;\">All panelists come from a rich variety of academic backgrounds in BiH, the Balkan region and the rest of Europe and will share insights from their area of expertise.<\/p>\n<p style=\"text-align: justify;\">They include:<\/p>\n<p>Mitja \u017dagar, Institute for Ethnic Studies, Ljubljana<\/p>\n<p>Joseph Marko, University of Graz<\/p>\n<p>Maja Sahad\u017ei\u0107, University of Antwerp<\/p>\n<p>Goran Markovi\u0107, University of East Sarajevo<\/p>\n<p>Petra Roter, University of Ljubljana<\/p>\n<p>Fikret \u010cau\u0161evi\u0107, University of Sarajevo<\/p>\n<p>Jens Woelk, University of Trento<\/p>\n<p>Asim Mujki\u0107, University of Sarajevo<\/p>\n<p>Senada \u0160elo \u0160abi\u0107 \u2013 IRMO, Zagreb<\/p>\n<p>Tatjana Sekuli\u0107, University of Milano-Bicocca<\/p>\n<p>Amb. Johann Sattler \u2013 EU Special Representative in Bosnia and Herzegovina<\/p>\n<p>Amb. Edin Dilberovi\u0107 \u2013 Director of the Directorate for EU Integration, Bosnia and Herzegovina<\/p>\n<p>Amb. Nicola Minasi \u2013 Ambassador of Italy in Bosnia and Herzegovina<\/p>\n<p style=\"text-align: justify;\">\u00a0<\/p>\n<p style=\"text-align: justify;\">Nathalie Tocci from the International Affairs Institute-IAI, will moderate the debate.<\/p>\n<p style=\"text-align: justify;\">\u00a0<\/p>\n<p style=\"text-align: justify;\">Questions and answers will be possible during the conference and the online audience is warmly invited to follow and interact.<\/p>\n<p style=\"text-align: justify;\">\u00a0<\/p>\n","protected":false},"excerpt":{"rendered":"Konferenciju sada mo\u017eete pogledati na Facebook stranici italijanske ambasade u Sarajevu, ItalyinBiH (https:\/\/www.facebook.com\/ItalyinBiH\/videos\/146258930331098). The Conference is now available on the Facebook page of the Italian Embassy in Sarajevo, ItalyinBiH (https:\/\/www.facebook.com\/ItalyinBiH\/videos\/146258930331098). \u00a0 (English version below) \u00a0 Ministarstvo vanjskih poslova Italije, putem ambasade u Bosni i Hercegovini, organizira me\u0111unarodnu internet konferenciju na temu \u201eTwenty Five Years Later: [&hellip;]","protected":false},"author":1,"featured_media":0,"comment_status":"","ping_status":"","sticky":false,"template":"","format":"standard","meta":{"footnotes":""},"tags":[],"class_list":["post-1579","post","type-post","status-publish","format-standard","hentry"],"_links":{"self":[{"href":"https:\/\/ambsarajevo.esteri.it\/bs\/wp-json\/wp\/v2\/posts\/1579","targetHints":{"allow":["GET"]}}],"collection":[{"href":"https:\/\/ambsarajevo.esteri.it\/bs\/wp-json\/wp\/v2\/posts"}],"about":[{"href":"https:\/\/ambsarajevo.esteri.it\/bs\/wp-json\/wp\/v2\/types\/post"}],"author":[{"embeddable":true,"href":"https:\/\/ambsarajevo.esteri.it\/bs\/wp-json\/wp\/v2\/users\/1"}],"replies":[{"embeddable":true,"href":"https:\/\/ambsarajevo.esteri.it\/bs\/wp-json\/wp\/v2\/comments?post=1579"}],"version-history":[{"count":0,"href":"https:\/\/ambsarajevo.esteri.it\/bs\/wp-json\/wp\/v2\/posts\/1579\/revisions"}],"wp:attachment":[{"href":"https:\/\/ambsarajevo.esteri.it\/bs\/wp-json\/wp\/v2\/media?parent=1579"}],"wp:term":[{"taxonomy":"post_tag","embeddable":true,"href":"https:\/\/ambsarajevo.esteri.it\/bs\/wp-json\/wp\/v2\/tags?post=1579"}],"curies":[{"name":"wp","href":"https:\/\/api.w.org\/{rel}","templated":true}]}}