{"id":1168,"date":"2023-05-31T10:24:37","date_gmt":"2023-05-31T08:24:37","guid":{"rendered":"https:\/\/ambsarajevo.esteri.it\/news\/dall_ambasciata\/2023\/05\/ambasciatore-di-ruzza-commemora_1-2\/"},"modified":"2023-05-31T10:24:37","modified_gmt":"2023-05-31T08:24:37","slug":"ambasciatore-di-ruzza-commemora_1-2","status":"publish","type":"post","link":"https:\/\/ambsarajevo.esteri.it\/bs\/news\/dall_ambasciata\/2023\/05\/ambasciatore-di-ruzza-commemora_1-2\/","title":{"rendered":"Ambasciatore Di Ruzza odr\u017eao komemoraciju italijanskim volonterima ubijenim u Gornjem Vakufu 1993. godine"},"content":{"rendered":"<p style=\"text-align: justify;\">Potresna komemoracija odr\u017eana je u Gornjem Vakufu \u2013 Uskoplju, u Srednjobosanskom kantonu, povodom tridesete godi\u0161njice ubistva italijanskih volontera Sergia Lane, Guida Pulettija i Fabija Morenija, koji su izgubili \u017eivote tokom humanitarne misije.<\/p>\n<p style=\"text-align: justify;\">Trojica mirovnjaka su se 29. maja 1993. godine nalazila u konvoju humanitarne pomo\u0107i koji je napustio Bresciu i krenuo prema Vitezu i Zavidovi\u0107ima s ciljem stvaranja humanitarnog koridora u Bosni i Hercegovini razorenoj bratoubila\u010dkim sukobom.<\/p>\n<p style=\"text-align: justify;\">Njih je napao i brutalno ubio bosanskohercegova\u010dki paravojni tim u napadu koji nikada do kraja nije razja\u0161njen, za \u0161ta je odgovoran Hanefija Priji\u0107 (zvani \u201eParaga\u201c), koji je predvodio grupu naoru\u017eanih ljudi. Dva volontera koji su bili dio iste ekspedicije, Agostino Zanotti i Christian Penocchio, uspjeli su izbje\u0107i masakr.<\/p>\n<p style=\"text-align: justify;\">Doga\u0111aj je organiziran na inicijativu Ambasade Italije u Sarajevu u saradnji sa Op\u0107inom Gornji Vakuf-Uskoplje \u201cPrvi put je u Gornjem Vakufu odr\u017eana zajedni\u010dka institucionalna sve\u010danost u znak sje\u0107anja na poginule volontere\u201d, pojasnio je ambasador Di Ruzza i dodao, \u201ci sna\u017eno sam vjerovao u ovaj projekat i to sam od po\u010detka dijelio sa na\u010delnikom Seadom \u010cau\u0161evi\u0107em, kojem se \u017eelim zahvaliti na senzibilnosti i pa\u017enji. Okupljanjem civilnih i vjerskih autoriteta iz ovog grada, rodbine i prijatelja \u017ertava i lokalnog civilnog dru\u0161tva oko kolektivnog sje\u0107anja na ubijene dobrovoljce \u017eeljeli smo poslati sna\u017ean signal na putu mira i pomirenja, \u0161to je i bitan korak na putu evropskih integracija Bosne i Hercegovine\u201c.<\/p>\n<p style=\"text-align: justify;\">Kao potvrda kriterija inkluzivnosti, \u0161to je i bila namjera ove inicijative, a i u cilju ja\u010danja njene simboli\u010dne vrijednosti, u\u010destvovao je i predsjedavaju\u0107i Gradskog vije\u0107a Goran Batini\u0107 &#8211; pored gradona\u010delnika, \u017eupnik fra Josip Matijani\u0107 i imam Hidajet Polovina. Skoro stotinu ljudi do\u0161lo je iz Italije da u\u010destvuje na ovom doga\u0111aju.<\/p>\n<p style=\"text-align: justify;\">Na po\u010detku komemoracije na\u010delnik je, u zgradi op\u0107ine, po\u017eelio dobrodo\u0161licu maloj delegaciji koju su, izme\u0111u ostalih, \u010dinili ambasador, Augusto i Franca Lana, Wilma Viviani, vije\u0107nica op\u0107ine Rezzato, don Roberto Sottini, \u017eupnik Ghedija, te Giancarlo Rovati, poduzetnika iz Ghedija koji je vrlo aktivan na humanitarnom polju (od rata koordinira volonterske inicijative u Bosni i Hercegovini, a odnedavno i u Ukrajini) i biv\u0161i predsjednik Fondacije Fabio Moreni.<\/p>\n<p style=\"text-align: justify;\">Uslijedilo je misno slavlje u \u017eupi &#8220;Uskoplje&#8221; koje je predvodio kardinal Vinko Pulji\u0107.<\/p>\n<p style=\"text-align: justify;\">Program je potom nastavljen polaganjem vijenaca na plo\u010du koja je postavljena u znak sje\u0107anja na dobrovoljce na mjestu gdje je paravojska blokirala konvoj.<\/p>\n<p style=\"text-align: justify;\">Program je potom nastavljen polaganjem vijenaca na plo\u010du koja je postavljena u znak sje\u0107anja na ubijene volontere na mjestu gdje je paravojna formacija zaustavila konvoj.<\/p>\n<p style=\"text-align: justify;\">Podsje\u0107aju\u0107i i na ostale italijanske dr\u017eavljane poginule tokom rata u BiH (vojnike, humanitarne radnike, novinare, itd.), ambasador Di Ruzza je istakao izvanredan pokret solidarnosti koji je Italija kreirala tokom ratnih godina u biv\u0161oj Jugoslaviji da pomogne stanovni\u0161tvo koje je stradalo u stra\u0161nom sukobu i koji i dalje, zahvaljuju\u0107i neprekidnom aktivizmu italijanskog civilnog dru\u0161tva, djeluje u Bosni i Hercegovini sa projektima od velikog dru\u0161tvenog i humanitarnog zna\u010daja, \u010desto uz direktnu podr\u0161ku Italijanske razvojne kooperacije (AICS).<\/p>\n<p style=\"text-align: justify;\">\u201eNeka \u017ertva Sergia Lane, Guida Pulettija i Fabija Morenija\u201c, rekao je ambasador Di Ruzza, \u201ebude izvor inspiracije za sve one koji su posve\u0107eni stabilizaciji i pomirenju u Bosni i Hercegovini, kako bi za\u0161titili njenu multietni\u010dku i plurikulturalnu du\u0161u i njen prirodni evropski proces pridru\u017eivanja.\u201c Na kraju, ambasador je uputio dirljive rije\u010di roditeljima Sergija Lane: \u201ePokazali ste koliko daleko mo\u017ee i\u0107i snaga i hrabrost pra\u0161tanja, \u010dak i u jednoj ovakvoj situaciji, i ako to mo\u017ee doprinijeti miru, bratstvu i spokojnom su\u017eivotu ljudi, onda je to nauk za sve, na \u010demu smo vam iskreno zahvalni\u201c.<\/p>\n","protected":false},"excerpt":{"rendered":"Potresna komemoracija odr\u017eana je u Gornjem Vakufu \u2013 Uskoplju, u Srednjobosanskom kantonu, povodom tridesete godi\u0161njice ubistva italijanskih volontera Sergia Lane, Guida Pulettija i Fabija Morenija, koji su izgubili \u017eivote tokom humanitarne misije. Trojica mirovnjaka su se 29. maja 1993. godine nalazila u konvoju humanitarne pomo\u0107i koji je napustio Bresciu i krenuo prema Vitezu i Zavidovi\u0107ima [&hellip;]","protected":false},"author":1,"featured_media":0,"comment_status":"closed","ping_status":"closed","sticky":false,"template":"","format":"standard","meta":{"footnotes":""},"tags":[],"class_list":["post-1168","post","type-post","status-publish","format-standard","hentry"],"_links":{"self":[{"href":"https:\/\/ambsarajevo.esteri.it\/bs\/wp-json\/wp\/v2\/posts\/1168","targetHints":{"allow":["GET"]}}],"collection":[{"href":"https:\/\/ambsarajevo.esteri.it\/bs\/wp-json\/wp\/v2\/posts"}],"about":[{"href":"https:\/\/ambsarajevo.esteri.it\/bs\/wp-json\/wp\/v2\/types\/post"}],"author":[{"embeddable":true,"href":"https:\/\/ambsarajevo.esteri.it\/bs\/wp-json\/wp\/v2\/users\/1"}],"replies":[{"embeddable":true,"href":"https:\/\/ambsarajevo.esteri.it\/bs\/wp-json\/wp\/v2\/comments?post=1168"}],"version-history":[{"count":0,"href":"https:\/\/ambsarajevo.esteri.it\/bs\/wp-json\/wp\/v2\/posts\/1168\/revisions"}],"wp:attachment":[{"href":"https:\/\/ambsarajevo.esteri.it\/bs\/wp-json\/wp\/v2\/media?parent=1168"}],"wp:term":[{"taxonomy":"post_tag","embeddable":true,"href":"https:\/\/ambsarajevo.esteri.it\/bs\/wp-json\/wp\/v2\/tags?post=1168"}],"curies":[{"name":"wp","href":"https:\/\/api.w.org\/{rel}","templated":true}]}}