{"id":1153,"date":"2023-06-26T11:34:41","date_gmt":"2023-06-26T09:34:41","guid":{"rendered":"https:\/\/ambsarajevo.esteri.it\/news\/dall_ambasciata\/2023\/06\/campo-di-volontariato-il-giardino-2\/"},"modified":"2023-06-26T11:34:41","modified_gmt":"2023-06-26T09:34:41","slug":"campo-di-volontariato-il-giardino-2","status":"publish","type":"post","link":"https:\/\/ambsarajevo.esteri.it\/bs\/news\/dall_ambasciata\/2023\/06\/campo-di-volontariato-il-giardino-2\/","title":{"rendered":"Volonterski kamp &#8220;Il Giardino delle Rose Blu ONLUS&#8221; (12. \u2013 22. augusta 2023.)"},"content":{"rendered":"<p style=\"text-align: justify;\">I ove godine Me\u0111unarodna fondacija &#8220;Il Giardino delle rose blu ONLUS&#8221; organizira Volonterski ljetni kamp u Cerskoj od 12. do 22. augusta 2023. U izdanju iz 2022. godine u\u010destvovalo je 17 italijanskih volontera i 40 bosanskohercegova\u010dkih porodica. Pro\u0161le godine su predlo\u017eene aktivnosti kao \u0161to su dan obuke, dani animacije s djecom iz lokalne \u0161kole i izleti u okolinu kako bi se upoznali sa projektima civilnog dru\u0161tva koji su aktivni u tom podru\u010dju (na primjer: eko-selo \u201eGrad nade\u201c I. Muj\u010di\u0107 iz Srebrenice i &#8220;Most osmijeha&#8221; u Sarajevu i Mostaru istog ONLUS-a).<\/p>\n","protected":false},"excerpt":{"rendered":"I ove godine Me\u0111unarodna fondacija &#8220;Il Giardino delle rose blu ONLUS&#8221; organizira Volonterski ljetni kamp u Cerskoj od 12. do 22. augusta 2023. U izdanju iz 2022. godine u\u010destvovalo je 17 italijanskih volontera i 40 bosanskohercegova\u010dkih porodica. Pro\u0161le godine su predlo\u017eene aktivnosti kao \u0161to su dan obuke, dani animacije s djecom iz lokalne \u0161kole i [&hellip;]","protected":false},"author":1,"featured_media":0,"comment_status":"closed","ping_status":"closed","sticky":false,"template":"","format":"standard","meta":{"footnotes":""},"tags":[],"class_list":["post-1153","post","type-post","status-publish","format-standard","hentry"],"_links":{"self":[{"href":"https:\/\/ambsarajevo.esteri.it\/bs\/wp-json\/wp\/v2\/posts\/1153","targetHints":{"allow":["GET"]}}],"collection":[{"href":"https:\/\/ambsarajevo.esteri.it\/bs\/wp-json\/wp\/v2\/posts"}],"about":[{"href":"https:\/\/ambsarajevo.esteri.it\/bs\/wp-json\/wp\/v2\/types\/post"}],"author":[{"embeddable":true,"href":"https:\/\/ambsarajevo.esteri.it\/bs\/wp-json\/wp\/v2\/users\/1"}],"replies":[{"embeddable":true,"href":"https:\/\/ambsarajevo.esteri.it\/bs\/wp-json\/wp\/v2\/comments?post=1153"}],"version-history":[{"count":0,"href":"https:\/\/ambsarajevo.esteri.it\/bs\/wp-json\/wp\/v2\/posts\/1153\/revisions"}],"wp:attachment":[{"href":"https:\/\/ambsarajevo.esteri.it\/bs\/wp-json\/wp\/v2\/media?parent=1153"}],"wp:term":[{"taxonomy":"post_tag","embeddable":true,"href":"https:\/\/ambsarajevo.esteri.it\/bs\/wp-json\/wp\/v2\/tags?post=1153"}],"curies":[{"name":"wp","href":"https:\/\/api.w.org\/{rel}","templated":true}]}}